{"id":17848,"date":"2021-12-28T09:45:00","date_gmt":"2021-12-28T15:45:00","guid":{"rendered":"https:\/\/a3noticias.com.mx\/sandbox\/?p=17848"},"modified":"2021-12-23T21:32:39","modified_gmt":"2021-12-24T03:32:39","slug":"cual-es-el-origen-del-dia-de-los-inocentes","status":"publish","type":"post","link":"https:\/\/a3noticias.com.mx\/sandbox\/2021\/12\/28\/cual-es-el-origen-del-dia-de-los-inocentes\/","title":{"rendered":"\u00bfCu\u00e1l es el origen del D\u00eda de los Inocentes?"},"content":{"rendered":"\n<p>Como cada a\u00f1o, el 28 de diciembre se celebra el d\u00eda de los Inocentes, una fecha en la que se hacen bromas al por mayor y en la cual no puedes confiar ni en tu sombra, como dicen por ah\u00ed \u201cinocente palomita que te dejaste enga\u00f1ar\u201d; pero, m\u00e1s all\u00e1 de eso, el D\u00eda de los Inocentes se origin\u00f3 hace much\u00edsimo tiempo, y no, no fue con los nativos americanos, como les ense\u00f1aron en Los Simpsons.<\/p>\n\n\n\n<p>Originalmente, durante este d\u00eda, la iglesia cat\u00f3lica conmemoraba a la matanza de todos los peque\u00f1os menores de 2 a\u00f1os ordenada por Herodes (rey de Judea) al enterarse que hab\u00eda nacido el Mes\u00edas, solo 3 d\u00edas antes, narrada en el evangelio de San Mateo.<\/p>\n\n\n\n<p>Todo el mundo rememoraba la misma fiesta el mismo d\u00eda, hasta el siglo XVI, cuando el mundo se encontraba a punto de cambiar su calendario, hasta ese entonces, Europa se reg\u00eda por el calendario juliano, pero el Papa Gregorio XIII adopt\u00f3 el calendario gregoriano. Esto signific\u00f3, que a partir de 1582, el d\u00eda de A\u00f1o Nuevo fue movido de fines de marzo, al 1 de enero.<\/p>\n\n\n\n<p>Aunque el cambio se publicit\u00f3 ampliamente con los medios limitados de aquella \u00e9poca, muchos no se enteraron. De ah\u00ed que surgi\u00f3 en el mundo anglosaj\u00f3n, la tradici\u00f3n de burlarse de quienes segu\u00edan celebrando el A\u00f1o Nuevo 3 meses despu\u00e9s de la nueva fecha.<\/p>\n\n\n\n<p>As\u00ed, con el paso del tiempo, la tradici\u00f3n protestante fue quit\u00e1ndole el aspecto tr\u00e1gico a la fecha hasta convertirse en el April Fools&#8217; Day, o \u201cD\u00eda de los Tontos\u201d (tambi\u00e9n traducido como \u201cD\u00eda de los Inocentes\u201d).<\/p>\n\n\n\n<p>La tradici\u00f3n de hacer bromas en esta fecha proviene de la Antigua Roma. El esp\u00edritu de la \u2018Saturnalia\u2019, la gran fiesta de invierno de los romanos, era propiciar la felicidad, la risa y la jocosidad, por lo que las bromas adquir\u00edan un significado singular.<\/p>\n","protected":false},"excerpt":{"rendered":"<p>Como cada a\u00f1o, el 28 de diciembre se celebra el d\u00eda de los Inocentes, una fecha en la que se hacen bromas al por mayor y en la cual no &hellip; <a href=\"https:\/\/a3noticias.com.mx\/sandbox\/2021\/12\/28\/cual-es-el-origen-del-dia-de-los-inocentes\/\" class=\"more-link\">Leer m\u00e1s<\/a><\/p>\n","protected":false},"author":2,"featured_media":17849,"comment_status":"open","ping_status":"open","sticky":false,"template":"","format":"standard","meta":{"_monsterinsights_skip_tracking":false,"_monsterinsights_sitenote_active":false,"_monsterinsights_sitenote_note":"","_monsterinsights_sitenote_category":0,"footnotes":""},"categories":[9],"tags":[],"class_list":["post-17848","post","type-post","status-publish","format-standard","has-post-thumbnail","hentry","category-cultura","entry"],"aioseo_notices":[],"_links":{"self":[{"href":"https:\/\/a3noticias.com.mx\/sandbox\/wp-json\/wp\/v2\/posts\/17848","targetHints":{"allow":["GET"]}}],"collection":[{"href":"https:\/\/a3noticias.com.mx\/sandbox\/wp-json\/wp\/v2\/posts"}],"about":[{"href":"https:\/\/a3noticias.com.mx\/sandbox\/wp-json\/wp\/v2\/types\/post"}],"author":[{"embeddable":true,"href":"https:\/\/a3noticias.com.mx\/sandbox\/wp-json\/wp\/v2\/users\/2"}],"replies":[{"embeddable":true,"href":"https:\/\/a3noticias.com.mx\/sandbox\/wp-json\/wp\/v2\/comments?post=17848"}],"version-history":[{"count":1,"href":"https:\/\/a3noticias.com.mx\/sandbox\/wp-json\/wp\/v2\/posts\/17848\/revisions"}],"predecessor-version":[{"id":17850,"href":"https:\/\/a3noticias.com.mx\/sandbox\/wp-json\/wp\/v2\/posts\/17848\/revisions\/17850"}],"wp:featuredmedia":[{"embeddable":true,"href":"https:\/\/a3noticias.com.mx\/sandbox\/wp-json\/wp\/v2\/media\/17849"}],"wp:attachment":[{"href":"https:\/\/a3noticias.com.mx\/sandbox\/wp-json\/wp\/v2\/media?parent=17848"}],"wp:term":[{"taxonomy":"category","embeddable":true,"href":"https:\/\/a3noticias.com.mx\/sandbox\/wp-json\/wp\/v2\/categories?post=17848"},{"taxonomy":"post_tag","embeddable":true,"href":"https:\/\/a3noticias.com.mx\/sandbox\/wp-json\/wp\/v2\/tags?post=17848"}],"curies":[{"name":"wp","href":"https:\/\/api.w.org\/{rel}","templated":true}]}}