{"id":17868,"date":"2021-12-27T11:00:00","date_gmt":"2021-12-27T17:00:00","guid":{"rendered":"https:\/\/a3noticias.com.mx\/sandbox\/?p=17868"},"modified":"2021-12-24T17:57:53","modified_gmt":"2021-12-24T23:57:53","slug":"inai-advierte-riesgos-de-compartir-fotos-de-menores-en-redes-sociales-en-fiestas-decembrinas","status":"publish","type":"post","link":"https:\/\/a3noticias.com.mx\/sandbox\/2021\/12\/27\/inai-advierte-riesgos-de-compartir-fotos-de-menores-en-redes-sociales-en-fiestas-decembrinas\/","title":{"rendered":"INAI advierte riesgos de compartir fotos de menores en redes sociales en fiestas decembrinas"},"content":{"rendered":"\n<p>Es com\u00fan que los padres con hijos menores de edad compartan fotos familiares en sus redes sociales, donde aparecen sus hijos. Muchos lo ven como un acto inofensivo, pues la mayor parte de las veces quien puede ver sus publicaciones son considerados \u00fanicamente amigos y familiares, sin embargo, existen riesgos los cuales los padres desconocen, que pueden lastimar la integridad de los menores, advierte el Instituto Nacional de Transparencia y Acceso a la Informaci\u00f3n (INAI).<\/p>\n\n\n\n<p>A trav\u00e9s de un comunicado, el instituto comunic\u00f3 que el compartir fotos de ni\u00f1os en las redes sociales es un t\u00e9rmino denominado \u201csharenting\u201d, el cual proviene de la conjunci\u00f3n de dos palabras en ingl\u00e9s share (compartir) y parenting (paternidad).&nbsp;<\/p>\n\n\n\n<blockquote class=\"wp-block-quote is-layout-flow wp-block-quote-is-layout-flow\"><p>\u00abSe refiere a compartir en redes sociales fotograf\u00edas de ni\u00f1as y ni\u00f1os en actividades cotidianas, como juegos infantiles, la hora del ba\u00f1o, reuniones familiares o abriendo regalos de Navidad, generando una huella en la red\u00bb, precis\u00f3.<\/p><\/blockquote>\n\n\n\n<p>El INAI detall\u00f3 que estas fotos se comparten de manera espont\u00e1nea por los padres de los menores, por lo que algunas de ellas pueden considerarse no aptas para redes sociales, pues retratan a los peque\u00f1os en situaciones vulnerables mientras duermen o est\u00e1n en ropa interior.<\/p>\n\n\n\n<p>De acuerdo con el INAI estas fotograf\u00edas podr\u00edan resultar afectantes en un futuro, cuando estos crezcan, pues se quedan almacenadas en la web y a pesar de ser un gran recuerdo, podr\u00edan resultar vergonzosas y afectar la etapa adulta, interfiriendo en su vida social y laboral.<\/p>\n\n\n\n<p>Adem\u00e1s advierte del riesgo de que las fotograf\u00edas lleguen a personas desconocidas, por lo que incit\u00f3 a los padres de familia a revisar las configuraciones de privacidad de sus cuentas, as\u00ed como desactivar la geolocalizaci\u00f3n para evitar que personas desconocidas puedan seguir los movimientos de los menores.<\/p>\n","protected":false},"excerpt":{"rendered":"<p>Es com\u00fan que los padres con hijos menores de edad compartan fotos familiares en sus redes sociales, donde aparecen sus hijos. Muchos lo ven como un acto inofensivo, pues la &hellip; <a href=\"https:\/\/a3noticias.com.mx\/sandbox\/2021\/12\/27\/inai-advierte-riesgos-de-compartir-fotos-de-menores-en-redes-sociales-en-fiestas-decembrinas\/\" class=\"more-link\">Leer m\u00e1s<\/a><\/p>\n","protected":false},"author":4,"featured_media":17869,"comment_status":"open","ping_status":"open","sticky":false,"template":"","format":"standard","meta":{"_monsterinsights_skip_tracking":false,"_monsterinsights_sitenote_active":false,"_monsterinsights_sitenote_note":"","_monsterinsights_sitenote_category":0,"footnotes":""},"categories":[11],"tags":[],"class_list":["post-17868","post","type-post","status-publish","format-standard","has-post-thumbnail","hentry","category-seg","entry"],"aioseo_notices":[],"_links":{"self":[{"href":"https:\/\/a3noticias.com.mx\/sandbox\/wp-json\/wp\/v2\/posts\/17868","targetHints":{"allow":["GET"]}}],"collection":[{"href":"https:\/\/a3noticias.com.mx\/sandbox\/wp-json\/wp\/v2\/posts"}],"about":[{"href":"https:\/\/a3noticias.com.mx\/sandbox\/wp-json\/wp\/v2\/types\/post"}],"author":[{"embeddable":true,"href":"https:\/\/a3noticias.com.mx\/sandbox\/wp-json\/wp\/v2\/users\/4"}],"replies":[{"embeddable":true,"href":"https:\/\/a3noticias.com.mx\/sandbox\/wp-json\/wp\/v2\/comments?post=17868"}],"version-history":[{"count":1,"href":"https:\/\/a3noticias.com.mx\/sandbox\/wp-json\/wp\/v2\/posts\/17868\/revisions"}],"predecessor-version":[{"id":17870,"href":"https:\/\/a3noticias.com.mx\/sandbox\/wp-json\/wp\/v2\/posts\/17868\/revisions\/17870"}],"wp:featuredmedia":[{"embeddable":true,"href":"https:\/\/a3noticias.com.mx\/sandbox\/wp-json\/wp\/v2\/media\/17869"}],"wp:attachment":[{"href":"https:\/\/a3noticias.com.mx\/sandbox\/wp-json\/wp\/v2\/media?parent=17868"}],"wp:term":[{"taxonomy":"category","embeddable":true,"href":"https:\/\/a3noticias.com.mx\/sandbox\/wp-json\/wp\/v2\/categories?post=17868"},{"taxonomy":"post_tag","embeddable":true,"href":"https:\/\/a3noticias.com.mx\/sandbox\/wp-json\/wp\/v2\/tags?post=17868"}],"curies":[{"name":"wp","href":"https:\/\/api.w.org\/{rel}","templated":true}]}}