{"id":17888,"date":"2021-12-31T10:25:37","date_gmt":"2021-12-31T16:25:37","guid":{"rendered":"https:\/\/a3noticias.com.mx\/sandbox\/?p=17888"},"modified":"2021-12-31T10:25:39","modified_gmt":"2021-12-31T16:25:39","slug":"anuncia-iqt-desvio-temporal-de-rutas-por-obras-en-calzada-colon","status":"publish","type":"post","link":"https:\/\/a3noticias.com.mx\/sandbox\/2021\/12\/31\/anuncia-iqt-desvio-temporal-de-rutas-por-obras-en-calzada-colon\/","title":{"rendered":"Anuncia IQT desv\u00edo temporal de rutas por obras en Calzada Col\u00f3n"},"content":{"rendered":"\n<p>El Instituto Queretano del Transporte (IQT) informa a la poblaci\u00f3n que debido a la ejecuci\u00f3n de obras por parte del municipio de Quer\u00e9taro, a partir del 03 de enero de 2022 y hasta nuevo aviso, se realizar\u00e1 un desv\u00edo temporal en rutas del transporte p\u00fablico colectivo urbano y suburbano.<\/p>\n\n\n\n<p>Las rutas del sistema Qrob\u00fas que tendr\u00e1n una modificaci\u00f3n temporal en su recorrido son:&nbsp;7, 21, 24,41, 43, 44, 45, 51, 56, 58 y 59, as\u00ed como el servicio suburbano que transita por Calzada Col\u00f3n.<\/p>\n\n\n\n<p>Para continuar brindando el servicio, las unidades circular\u00e1n por Av. Zaragoza, dar\u00e1n vuelta en Av. Pasteur, regresar\u00e1n por Av. Constituyentes y se reincorporar\u00e1n en Corregidora Sur para seguir su trayecto habitual.<\/p>\n\n\n\n<p>Asimismo, el IQT informa que las unidades podr\u00e1n hacer ascensos y descensos de usuarios solo en las paradas oficiales para el transporte p\u00fablico como son la parada de Zaragoza, Pasteur y Corregidora Sur, esquina Constituyentes.<\/p>\n\n\n\n<p>Cabe destacar que las unidades antes mencionadas no se incorporar\u00e1n al Eje Constituci\u00f3n de 1917, por lo que no se realizar\u00e1n ascensos o descensos en dicha vialidad. El Instituto Queretano del Transporte invita a las y los usuarios a mantenerse informados en los canales oficiales, respecto a la evoluci\u00f3n de las obras a realizar, as\u00ed como posibles nuevos ajustes en el recorrido de las rutas del transporte p\u00fablico colectivo.<\/p>\n\n\n\n<figure class=\"wp-block-image size-full\"><img loading=\"lazy\" decoding=\"async\" width=\"1280\" height=\"1279\" src=\"https:\/\/a3noticias.com.mx\/sandbox\/wp-content\/uploads\/2021\/12\/71_273_34967_1438898200_EE869FC4-B074-4BD9-9B46-0D9862CE47FA.jpeg\" alt=\"\" class=\"wp-image-17889\" srcset=\"https:\/\/a3noticias.com.mx\/sandbox\/wp-content\/uploads\/2021\/12\/71_273_34967_1438898200_EE869FC4-B074-4BD9-9B46-0D9862CE47FA.jpeg 1280w, https:\/\/a3noticias.com.mx\/sandbox\/wp-content\/uploads\/2021\/12\/71_273_34967_1438898200_EE869FC4-B074-4BD9-9B46-0D9862CE47FA-300x300.jpeg 300w, https:\/\/a3noticias.com.mx\/sandbox\/wp-content\/uploads\/2021\/12\/71_273_34967_1438898200_EE869FC4-B074-4BD9-9B46-0D9862CE47FA-90x90.jpeg 90w, https:\/\/a3noticias.com.mx\/sandbox\/wp-content\/uploads\/2021\/12\/71_273_34967_1438898200_EE869FC4-B074-4BD9-9B46-0D9862CE47FA-150x150.jpeg 150w, https:\/\/a3noticias.com.mx\/sandbox\/wp-content\/uploads\/2021\/12\/71_273_34967_1438898200_EE869FC4-B074-4BD9-9B46-0D9862CE47FA-768x767.jpeg 768w\" sizes=\"auto, (max-width: 1280px) 100vw, 1280px\" \/><\/figure>\n\n\n\n<p><\/p>\n","protected":false},"excerpt":{"rendered":"<p>El Instituto Queretano del Transporte (IQT) informa a la poblaci\u00f3n que debido a la ejecuci\u00f3n de obras por parte del municipio de Quer\u00e9taro, a partir del 03 de enero de &hellip; <a href=\"https:\/\/a3noticias.com.mx\/sandbox\/2021\/12\/31\/anuncia-iqt-desvio-temporal-de-rutas-por-obras-en-calzada-colon\/\" class=\"more-link\">Leer m\u00e1s<\/a><\/p>\n","protected":false},"author":4,"featured_media":17890,"comment_status":"open","ping_status":"open","sticky":false,"template":"","format":"standard","meta":{"_monsterinsights_skip_tracking":false,"_monsterinsights_sitenote_active":false,"_monsterinsights_sitenote_note":"","_monsterinsights_sitenote_category":0,"footnotes":""},"categories":[2],"tags":[],"class_list":["post-17888","post","type-post","status-publish","format-standard","has-post-thumbnail","hentry","category-qro","entry"],"aioseo_notices":[],"_links":{"self":[{"href":"https:\/\/a3noticias.com.mx\/sandbox\/wp-json\/wp\/v2\/posts\/17888","targetHints":{"allow":["GET"]}}],"collection":[{"href":"https:\/\/a3noticias.com.mx\/sandbox\/wp-json\/wp\/v2\/posts"}],"about":[{"href":"https:\/\/a3noticias.com.mx\/sandbox\/wp-json\/wp\/v2\/types\/post"}],"author":[{"embeddable":true,"href":"https:\/\/a3noticias.com.mx\/sandbox\/wp-json\/wp\/v2\/users\/4"}],"replies":[{"embeddable":true,"href":"https:\/\/a3noticias.com.mx\/sandbox\/wp-json\/wp\/v2\/comments?post=17888"}],"version-history":[{"count":1,"href":"https:\/\/a3noticias.com.mx\/sandbox\/wp-json\/wp\/v2\/posts\/17888\/revisions"}],"predecessor-version":[{"id":17891,"href":"https:\/\/a3noticias.com.mx\/sandbox\/wp-json\/wp\/v2\/posts\/17888\/revisions\/17891"}],"wp:featuredmedia":[{"embeddable":true,"href":"https:\/\/a3noticias.com.mx\/sandbox\/wp-json\/wp\/v2\/media\/17890"}],"wp:attachment":[{"href":"https:\/\/a3noticias.com.mx\/sandbox\/wp-json\/wp\/v2\/media?parent=17888"}],"wp:term":[{"taxonomy":"category","embeddable":true,"href":"https:\/\/a3noticias.com.mx\/sandbox\/wp-json\/wp\/v2\/categories?post=17888"},{"taxonomy":"post_tag","embeddable":true,"href":"https:\/\/a3noticias.com.mx\/sandbox\/wp-json\/wp\/v2\/tags?post=17888"}],"curies":[{"name":"wp","href":"https:\/\/api.w.org\/{rel}","templated":true}]}}