{"id":17906,"date":"2022-01-02T10:38:01","date_gmt":"2022-01-02T16:38:01","guid":{"rendered":"https:\/\/a3noticias.com.mx\/sandbox\/?p=17906"},"modified":"2022-01-02T10:38:03","modified_gmt":"2022-01-02T16:38:03","slug":"messi-dio-positivo-a-covid-19","status":"publish","type":"post","link":"https:\/\/a3noticias.com.mx\/sandbox\/2022\/01\/02\/messi-dio-positivo-a-covid-19\/","title":{"rendered":"Messi dio positivo a Covid-19"},"content":{"rendered":"\n<p>El PSG emiti\u00f3 un\u00a0 comunicado m\u00e9dico este domingo para informar que el astro argentino y otros tres jugadores, Juan Bernat, Sergio Rico y Nathan Bitumazala, han dado positivo y se encuentran aislados. <\/p>\n\n\n\n<blockquote class=\"wp-block-quote is-style-large is-layout-flow wp-block-quote-is-layout-flow\"><p>El entrenador del club franc\u00e9s, Mauricio Pochettino, dijo en rueda de prensa que \u00abMessi est\u00e1 en contacto con nuestros servicios m\u00e9dicos y cuando d\u00e9 negativo viajar\u00e1 para Francia. Hasta que no d\u00e9 negativo en la Argentina, no podr\u00e1 viajar\u00bb.\u00a0<\/p><\/blockquote>\n\n\n\n<p>En Francia se han dado varios comentarios en los que se\u00f1alan que al jugador argentino le falt\u00f3 prudencia, pues a trav\u00e9s de sus redes sociales comparti\u00f3 algunas de las actividades que realiz\u00f3 en su natal Argentina durante estas fechas, entre las que destacaron reuniones con mucha gente y hasta un recital con Los Palmeras.&nbsp;<\/p>\n\n\n\n<blockquote class=\"wp-block-quote is-style-large is-layout-flow wp-block-quote-is-layout-flow\"><p>\u201cComo expliqu\u00e9 en mi \u00faltima rueda de prensa, hay diferentes prioridades. La prioridad era tomarse un descanso tras un a\u00f1o muy ajetreado, los jugadores y el personal necesitaban pasar tiempo con sus familias\u201d, justific\u00f3 Mauricio Pochettino sobre los d\u00edas libres que le dio al equipo para las fiestas.<\/p><\/blockquote>\n","protected":false},"excerpt":{"rendered":"<p>El PSG emiti\u00f3 un\u00a0 comunicado m\u00e9dico este domingo para informar que el astro argentino y otros tres jugadores, Juan Bernat, Sergio Rico y Nathan Bitumazala, han dado positivo y se &hellip; <a href=\"https:\/\/a3noticias.com.mx\/sandbox\/2022\/01\/02\/messi-dio-positivo-a-covid-19\/\" class=\"more-link\">Leer m\u00e1s<\/a><\/p>\n","protected":false},"author":4,"featured_media":17907,"comment_status":"open","ping_status":"open","sticky":false,"template":"","format":"standard","meta":{"_monsterinsights_skip_tracking":false,"_monsterinsights_sitenote_active":false,"_monsterinsights_sitenote_note":"","_monsterinsights_sitenote_category":0,"footnotes":""},"categories":[5],"tags":[],"class_list":["post-17906","post","type-post","status-publish","format-standard","has-post-thumbnail","hentry","category-sports","entry"],"aioseo_notices":[],"_links":{"self":[{"href":"https:\/\/a3noticias.com.mx\/sandbox\/wp-json\/wp\/v2\/posts\/17906","targetHints":{"allow":["GET"]}}],"collection":[{"href":"https:\/\/a3noticias.com.mx\/sandbox\/wp-json\/wp\/v2\/posts"}],"about":[{"href":"https:\/\/a3noticias.com.mx\/sandbox\/wp-json\/wp\/v2\/types\/post"}],"author":[{"embeddable":true,"href":"https:\/\/a3noticias.com.mx\/sandbox\/wp-json\/wp\/v2\/users\/4"}],"replies":[{"embeddable":true,"href":"https:\/\/a3noticias.com.mx\/sandbox\/wp-json\/wp\/v2\/comments?post=17906"}],"version-history":[{"count":1,"href":"https:\/\/a3noticias.com.mx\/sandbox\/wp-json\/wp\/v2\/posts\/17906\/revisions"}],"predecessor-version":[{"id":17908,"href":"https:\/\/a3noticias.com.mx\/sandbox\/wp-json\/wp\/v2\/posts\/17906\/revisions\/17908"}],"wp:featuredmedia":[{"embeddable":true,"href":"https:\/\/a3noticias.com.mx\/sandbox\/wp-json\/wp\/v2\/media\/17907"}],"wp:attachment":[{"href":"https:\/\/a3noticias.com.mx\/sandbox\/wp-json\/wp\/v2\/media?parent=17906"}],"wp:term":[{"taxonomy":"category","embeddable":true,"href":"https:\/\/a3noticias.com.mx\/sandbox\/wp-json\/wp\/v2\/categories?post=17906"},{"taxonomy":"post_tag","embeddable":true,"href":"https:\/\/a3noticias.com.mx\/sandbox\/wp-json\/wp\/v2\/tags?post=17906"}],"curies":[{"name":"wp","href":"https:\/\/api.w.org\/{rel}","templated":true}]}}