{"id":17909,"date":"2022-01-02T11:44:35","date_gmt":"2022-01-02T17:44:35","guid":{"rendered":"https:\/\/a3noticias.com.mx\/sandbox\/?p=17909"},"modified":"2022-01-02T11:44:38","modified_gmt":"2022-01-02T17:44:38","slug":"vacunacion-de-refuerzo-inicia-este-lunes-en-la-capital-del-estado","status":"publish","type":"post","link":"https:\/\/a3noticias.com.mx\/sandbox\/2022\/01\/02\/vacunacion-de-refuerzo-inicia-este-lunes-en-la-capital-del-estado\/","title":{"rendered":"Vacunaci\u00f3n de refuerzo inicia este lunes en la capital del estado"},"content":{"rendered":"\n<p>La delegaci\u00f3n en Quer\u00e9taro de la Secretar\u00eda del Bienestar dio a conocer que del 3 al 7 de enero se llevar\u00e1 a cabo la aplicaci\u00f3n de la dosis de refuerzo de la vacuna contra Covid-19 a los adultos mayores que residan en la capital del estado, en la delegaci\u00f3n Centro Hist\u00f3rico.&nbsp;<\/p>\n\n\n\n<p>La dosis de refuerzo se aplicar\u00e1 a adultos mayores de 60 a\u00f1os que hayan recibido su \u00faltima dosis en junio de 2021, quienes ser\u00e1n inmunizados nuevamente en la Universidad Aut\u00f3noma de Quer\u00e9taro (UAQ), campus Centro Hist\u00f3rico, desde las 8 de la ma\u00f1ana hasta la 1:30 de la tarde.&nbsp;<\/p>\n\n\n\n<p>Para la aplicaci\u00f3n se dar\u00e1 por horarios, dependiendo de la colonia de residencia, presentando su INE, comprobante de domicilio y su formato impreso de la plataforma de Mi Vacuna.<\/p>\n\n\n\n<figure><iframe loading=\"lazy\" src=\"https:\/\/www.facebook.com\/plugins\/post.php?href=https%3A%2F%2Fwww.facebook.com%2FQroBienestar%2Fposts%2F3135888289998258&amp;show_text=true&amp;width=500\" width=\"500\" height=\"850\" allowfullscreen=\"true\"><\/iframe><\/figure>\n","protected":false},"excerpt":{"rendered":"<p>La delegaci\u00f3n en Quer\u00e9taro de la Secretar\u00eda del Bienestar dio a conocer que del 3 al 7 de enero se llevar\u00e1 a cabo la aplicaci\u00f3n de la dosis de refuerzo &hellip; <a href=\"https:\/\/a3noticias.com.mx\/sandbox\/2022\/01\/02\/vacunacion-de-refuerzo-inicia-este-lunes-en-la-capital-del-estado\/\" class=\"more-link\">Leer m\u00e1s<\/a><\/p>\n","protected":false},"author":4,"featured_media":17910,"comment_status":"open","ping_status":"open","sticky":false,"template":"","format":"standard","meta":{"_monsterinsights_skip_tracking":false,"_monsterinsights_sitenote_active":false,"_monsterinsights_sitenote_note":"","_monsterinsights_sitenote_category":0,"footnotes":""},"categories":[2],"tags":[],"class_list":["post-17909","post","type-post","status-publish","format-standard","has-post-thumbnail","hentry","category-qro","entry"],"aioseo_notices":[],"_links":{"self":[{"href":"https:\/\/a3noticias.com.mx\/sandbox\/wp-json\/wp\/v2\/posts\/17909","targetHints":{"allow":["GET"]}}],"collection":[{"href":"https:\/\/a3noticias.com.mx\/sandbox\/wp-json\/wp\/v2\/posts"}],"about":[{"href":"https:\/\/a3noticias.com.mx\/sandbox\/wp-json\/wp\/v2\/types\/post"}],"author":[{"embeddable":true,"href":"https:\/\/a3noticias.com.mx\/sandbox\/wp-json\/wp\/v2\/users\/4"}],"replies":[{"embeddable":true,"href":"https:\/\/a3noticias.com.mx\/sandbox\/wp-json\/wp\/v2\/comments?post=17909"}],"version-history":[{"count":1,"href":"https:\/\/a3noticias.com.mx\/sandbox\/wp-json\/wp\/v2\/posts\/17909\/revisions"}],"predecessor-version":[{"id":17911,"href":"https:\/\/a3noticias.com.mx\/sandbox\/wp-json\/wp\/v2\/posts\/17909\/revisions\/17911"}],"wp:featuredmedia":[{"embeddable":true,"href":"https:\/\/a3noticias.com.mx\/sandbox\/wp-json\/wp\/v2\/media\/17910"}],"wp:attachment":[{"href":"https:\/\/a3noticias.com.mx\/sandbox\/wp-json\/wp\/v2\/media?parent=17909"}],"wp:term":[{"taxonomy":"category","embeddable":true,"href":"https:\/\/a3noticias.com.mx\/sandbox\/wp-json\/wp\/v2\/categories?post=17909"},{"taxonomy":"post_tag","embeddable":true,"href":"https:\/\/a3noticias.com.mx\/sandbox\/wp-json\/wp\/v2\/tags?post=17909"}],"curies":[{"name":"wp","href":"https:\/\/api.w.org\/{rel}","templated":true}]}}