{"id":17912,"date":"2022-01-03T09:00:12","date_gmt":"2022-01-03T15:00:12","guid":{"rendered":"https:\/\/a3noticias.com.mx\/sandbox\/?p=17912"},"modified":"2022-01-03T09:00:14","modified_gmt":"2022-01-03T15:00:14","slug":"llama-voceria-a-usar-de-forma-responsable-medidores-de-co2","status":"publish","type":"post","link":"https:\/\/a3noticias.com.mx\/sandbox\/2022\/01\/03\/llama-voceria-a-usar-de-forma-responsable-medidores-de-co2\/","title":{"rendered":"Llama Vocer\u00eda a usar de forma responsable medidores de CO2"},"content":{"rendered":"\n<p>El Vocero Organizacional, Erick Ventura, explic\u00f3 la importancia de realizar lecturas de la calidad del aire mediante un medidor de CO2, instrumento de uso obligatorio para comercios de acuerdo a lo indicado en el escenario vigente para el estado, que registra la presencia de di\u00f3xido de carbono producto de la respiraci\u00f3n humana y otras fuentes, en espacios cerrados y abiertos.<\/p>\n\n\n\n<p>Precis\u00f3 que, como ya es de conocimiento general, el virus viaja por el aire dentro de las part\u00edculas de saliva que expulsamos, por lo que el medidor ayuda a saber qu\u00e9 tanto del aire que estamos respirando proviene de los pulmones de otras personas.<\/p>\n\n\n\n<p>Dio a conocer que estudios cient\u00edficos han demostrado que si el medidor ofrece una lectura de 800 partes por mill\u00f3n (ppm), quiere decir que el 1 por ciento del aire que circula en una habitaci\u00f3n proviene de la respiraci\u00f3n de las personas con quienes compartimos el espacio, lo que se considera un nivel peligroso.<\/p>\n\n\n\n<p>Por ello recomend\u00f3 ante lecturas por encima de los 700 ppm, ventilar inmediatamente el espacio abriendo puertas y ventanas, adem\u00e1s de reducir el ingreso de personas al local. Afirm\u00f3 que con esta sencilla regla (adem\u00e1s de la sana distancia y el uso del cubreboca) se cuidar\u00e1 a clientes y empleados, adem\u00e1s de darse continuidad a la recuperaci\u00f3n econ\u00f3mica de los establecimientos.<\/p>\n\n\n\n<p>Sostuvo que a casi dos a\u00f1os de iniciada la pandemia por COVID-19, \u201choy estamos convencidos de que la soluci\u00f3n est\u00e1 en la aplicaci\u00f3n de herramientas que ya hemos aprendido a utilizar\u201d.<\/p>\n\n\n\n<p>Puntualiz\u00f3 que durante las transmisiones de la Vocer\u00eda se han puesto al alcance de la poblaci\u00f3n los recursos del conocimiento organizacional que le han permitido a la mayor\u00eda de las y los queretanos convivir con el virus sin contagiarse.<\/p>\n\n\n\n<p>Como parte de estas herramientas, mencion\u00f3 el \u201cEntrenamiento COVID\u201d, con el cual se han difundido estrategias para reconocer el peligro, programar la movilidad, adaptar nuestros entornos, seguir haciendo lo que ha funcionado, adem\u00e1s de estar bien informados.<\/p>\n\n\n\n<p>De igual forma, agreg\u00f3 el vocero, se ha insistido llevar a cabo todas y cada una de las medidas de prevenci\u00f3n sanitaria, como el uso permanente del cubreboca, la sana distancia, el lavado continuo de manos, la ventilaci\u00f3n de espacios, salir poco de casa, as\u00ed como acceder a las vacunas.<\/p>\n\n\n\n<p>Finalmente, el Vocero Organizacional dese\u00f3 a todas y a todos \u201cque este a\u00f1o que comienza sea de optimismo, esperanza y logros. \u00a1Todo lo bueno est\u00e1 en nuestras manos! Juntos, adelante, podemos alcanzarlo\u201d, concluy\u00f3.<\/p>\n","protected":false},"excerpt":{"rendered":"<p>El Vocero Organizacional, Erick Ventura, explic\u00f3 la importancia de realizar lecturas de la calidad del aire mediante un medidor de CO2, instrumento de uso obligatorio para comercios de acuerdo a &hellip; <a href=\"https:\/\/a3noticias.com.mx\/sandbox\/2022\/01\/03\/llama-voceria-a-usar-de-forma-responsable-medidores-de-co2\/\" class=\"more-link\">Leer m\u00e1s<\/a><\/p>\n","protected":false},"author":4,"featured_media":17913,"comment_status":"open","ping_status":"open","sticky":false,"template":"","format":"standard","meta":{"_monsterinsights_skip_tracking":false,"_monsterinsights_sitenote_active":false,"_monsterinsights_sitenote_note":"","_monsterinsights_sitenote_category":0,"footnotes":""},"categories":[1],"tags":[],"class_list":["post-17912","post","type-post","status-publish","format-standard","has-post-thumbnail","hentry","category-uncategorized","entry"],"aioseo_notices":[],"_links":{"self":[{"href":"https:\/\/a3noticias.com.mx\/sandbox\/wp-json\/wp\/v2\/posts\/17912","targetHints":{"allow":["GET"]}}],"collection":[{"href":"https:\/\/a3noticias.com.mx\/sandbox\/wp-json\/wp\/v2\/posts"}],"about":[{"href":"https:\/\/a3noticias.com.mx\/sandbox\/wp-json\/wp\/v2\/types\/post"}],"author":[{"embeddable":true,"href":"https:\/\/a3noticias.com.mx\/sandbox\/wp-json\/wp\/v2\/users\/4"}],"replies":[{"embeddable":true,"href":"https:\/\/a3noticias.com.mx\/sandbox\/wp-json\/wp\/v2\/comments?post=17912"}],"version-history":[{"count":1,"href":"https:\/\/a3noticias.com.mx\/sandbox\/wp-json\/wp\/v2\/posts\/17912\/revisions"}],"predecessor-version":[{"id":17914,"href":"https:\/\/a3noticias.com.mx\/sandbox\/wp-json\/wp\/v2\/posts\/17912\/revisions\/17914"}],"wp:featuredmedia":[{"embeddable":true,"href":"https:\/\/a3noticias.com.mx\/sandbox\/wp-json\/wp\/v2\/media\/17913"}],"wp:attachment":[{"href":"https:\/\/a3noticias.com.mx\/sandbox\/wp-json\/wp\/v2\/media?parent=17912"}],"wp:term":[{"taxonomy":"category","embeddable":true,"href":"https:\/\/a3noticias.com.mx\/sandbox\/wp-json\/wp\/v2\/categories?post=17912"},{"taxonomy":"post_tag","embeddable":true,"href":"https:\/\/a3noticias.com.mx\/sandbox\/wp-json\/wp\/v2\/tags?post=17912"}],"curies":[{"name":"wp","href":"https:\/\/api.w.org\/{rel}","templated":true}]}}