{"id":17915,"date":"2022-01-03T09:42:05","date_gmt":"2022-01-03T15:42:05","guid":{"rendered":"https:\/\/a3noticias.com.mx\/sandbox\/?p=17915"},"modified":"2022-01-03T09:43:36","modified_gmt":"2022-01-03T15:43:36","slug":"regresa-a-estados-unidos-caravana-migrante","status":"publish","type":"post","link":"https:\/\/a3noticias.com.mx\/sandbox\/2022\/01\/03\/regresa-a-estados-unidos-caravana-migrante\/","title":{"rendered":"Regresa a Estados Unidos caravana migrante"},"content":{"rendered":"\n<p>La madrugada de este lunes en punto de las 5:00 horas, parti\u00f3 de regreso a Laredo, Texas, la caravana migrante que lleg\u00f3 el pasado 8 de diciembre a la entidad para pasar las fiestas decembrinas con sus familias.<\/p>\n\n\n\n<p>De acuerdo con el protocolo anunciado por la 14va. Caravana Migrante, \u00e9sta saldr\u00eda de Jalpan a las 5:00 am, har\u00eda una parada a las 6:20 horas en Rioverde, San Luis Potos\u00ed,&nbsp;para recoger a m\u00e1s paisanos y a las 10:00 horas se unir\u00edan migrantes de otros estados en el parador San Pedro, ubicado en el kil\u00f3metro 108 de la carretera Matehuala &#8211; Saltillo, en el estado de Tamaulipas.<\/p>\n\n\n\n<p>El&nbsp;Obispo de la Di\u00f3cesis de Quer\u00e9taro, Monse\u00f1or Fidencio L\u00f3pez Plaza, dio la bendici\u00f3n al primer contingente de la caravana, quienes ir\u00e1n resguardados durante todo su trayecto hacia los Estados Unidos por autoridades municipales, estatales y federales.<\/p>\n\n\n\n<p>Para este regreso se espera la participaci\u00f3n de m\u00e1s de cinco mil 800 personas y mil 450 veh\u00edculos de la zona serrana, adem\u00e1s de que se ir\u00e1n sumando durante el recorrido paisanos de estados como Guanajuato, Hidalgo y Michoac\u00e1n.<\/p>\n\n\n\n<p>Se prev\u00e9 que hoy mismo por la tarde noche los migrantes est\u00e9n arribando a  Laredo Texas.<\/p>\n","protected":false},"excerpt":{"rendered":"<p>La madrugada de este lunes en punto de las 5:00 horas, parti\u00f3 de regreso a Laredo, Texas, la caravana migrante que lleg\u00f3 el pasado 8 de diciembre a la entidad &hellip; <a href=\"https:\/\/a3noticias.com.mx\/sandbox\/2022\/01\/03\/regresa-a-estados-unidos-caravana-migrante\/\" class=\"more-link\">Leer m\u00e1s<\/a><\/p>\n","protected":false},"author":4,"featured_media":17916,"comment_status":"open","ping_status":"open","sticky":false,"template":"","format":"standard","meta":{"_monsterinsights_skip_tracking":false,"_monsterinsights_sitenote_active":false,"_monsterinsights_sitenote_note":"","_monsterinsights_sitenote_category":0,"footnotes":""},"categories":[3],"tags":[],"class_list":["post-17915","post","type-post","status-publish","format-standard","has-post-thumbnail","hentry","category-nal","entry"],"aioseo_notices":[],"_links":{"self":[{"href":"https:\/\/a3noticias.com.mx\/sandbox\/wp-json\/wp\/v2\/posts\/17915","targetHints":{"allow":["GET"]}}],"collection":[{"href":"https:\/\/a3noticias.com.mx\/sandbox\/wp-json\/wp\/v2\/posts"}],"about":[{"href":"https:\/\/a3noticias.com.mx\/sandbox\/wp-json\/wp\/v2\/types\/post"}],"author":[{"embeddable":true,"href":"https:\/\/a3noticias.com.mx\/sandbox\/wp-json\/wp\/v2\/users\/4"}],"replies":[{"embeddable":true,"href":"https:\/\/a3noticias.com.mx\/sandbox\/wp-json\/wp\/v2\/comments?post=17915"}],"version-history":[{"count":2,"href":"https:\/\/a3noticias.com.mx\/sandbox\/wp-json\/wp\/v2\/posts\/17915\/revisions"}],"predecessor-version":[{"id":17918,"href":"https:\/\/a3noticias.com.mx\/sandbox\/wp-json\/wp\/v2\/posts\/17915\/revisions\/17918"}],"wp:featuredmedia":[{"embeddable":true,"href":"https:\/\/a3noticias.com.mx\/sandbox\/wp-json\/wp\/v2\/media\/17916"}],"wp:attachment":[{"href":"https:\/\/a3noticias.com.mx\/sandbox\/wp-json\/wp\/v2\/media?parent=17915"}],"wp:term":[{"taxonomy":"category","embeddable":true,"href":"https:\/\/a3noticias.com.mx\/sandbox\/wp-json\/wp\/v2\/categories?post=17915"},{"taxonomy":"post_tag","embeddable":true,"href":"https:\/\/a3noticias.com.mx\/sandbox\/wp-json\/wp\/v2\/tags?post=17915"}],"curies":[{"name":"wp","href":"https:\/\/api.w.org\/{rel}","templated":true}]}}