{"id":17927,"date":"2022-01-03T10:16:44","date_gmt":"2022-01-03T16:16:44","guid":{"rendered":"https:\/\/a3noticias.com.mx\/sandbox\/?p=17927"},"modified":"2022-01-03T10:25:28","modified_gmt":"2022-01-03T16:25:28","slug":"de-acuerdo-con-ce-research-mauricio-kuri-es-el-2o-gobernador-mejor-evaluado-en-el-pais","status":"publish","type":"post","link":"https:\/\/a3noticias.com.mx\/sandbox\/2022\/01\/03\/de-acuerdo-con-ce-research-mauricio-kuri-es-el-2o-gobernador-mejor-evaluado-en-el-pais\/","title":{"rendered":"De acuerdo con C&#038;E Research, Mauricio Kuri es el 2\u00ba gobernador mejor evaluado en el pa\u00eds."},"content":{"rendered":"\n<p>Mauricio Kuri Gonz\u00e1lez, gobernador de Quer\u00e9taro, es el segundo mejor evaluado por su desempe\u00f1o, de acuerdo a un ranking elaborado por \u2018C&amp;E Research\u2019, en el cual obtuvo un 62.16 por ciento de aprobaci\u00f3n entre la poblaci\u00f3n, s\u00f3lo por detr\u00e1s del gobernador de Yucat\u00e1n, Mauricio Villa, quien tuvo el 62.33 de aprobaci\u00f3n.&nbsp;<\/p>\n\n\n\n<figure class=\"wp-block-image size-full\"><img loading=\"lazy\" decoding=\"async\" width=\"794\" height=\"811\" src=\"https:\/\/a3noticias.com.mx\/sandbox\/wp-content\/uploads\/2022\/01\/Kuri.png\" alt=\"\" class=\"wp-image-17930\" srcset=\"https:\/\/a3noticias.com.mx\/sandbox\/wp-content\/uploads\/2022\/01\/Kuri.png 794w, https:\/\/a3noticias.com.mx\/sandbox\/wp-content\/uploads\/2022\/01\/Kuri-294x300.png 294w, https:\/\/a3noticias.com.mx\/sandbox\/wp-content\/uploads\/2022\/01\/Kuri-88x90.png 88w, https:\/\/a3noticias.com.mx\/sandbox\/wp-content\/uploads\/2022\/01\/Kuri-768x784.png 768w\" sizes=\"auto, (max-width: 794px) 100vw, 794px\" \/><\/figure>\n\n\n\n<p>La evaluaci\u00f3n aplicada por la ciudadan\u00eda a sus respectivos gobernantes corresponde al trabajo de los mismos durante los \u00faltimos d\u00edas de diciembre de 2021 y es resultado del promedio de sus respectivas calificaciones porcentuales en 6 rubros: seguridad, atenci\u00f3n ante el covid, acciones contra la pobreza, creaci\u00f3n de empleo, manejo de las finanzas estatales y capacidad.<\/p>\n\n\n\n<p>En esta encuesta se consideraron a los gobernadores de las 32 entidades federativas y fue realizada v\u00eda telef\u00f3nica a ciudadanos mayores de 18 a\u00f1os, con una muestra total de 19 mil 200 llamadas telef\u00f3nicas (600 por cada estado de la Rep\u00fablica Mexicana).<\/p>\n\n\n\n<p>El levantamiento de datos fue del 19 al 28 de diciembre de 2021 y tiene un margen de error estimado es de +\/- 3.5% y un nivel de confianza de 96%.<\/p>\n","protected":false},"excerpt":{"rendered":"<p>Mauricio Kuri Gonz\u00e1lez, gobernador de Quer\u00e9taro, es el segundo mejor evaluado por su desempe\u00f1o, de acuerdo a un ranking elaborado por \u2018C&amp;E Research\u2019, en el cual obtuvo un 62.16 por &hellip; <a href=\"https:\/\/a3noticias.com.mx\/sandbox\/2022\/01\/03\/de-acuerdo-con-ce-research-mauricio-kuri-es-el-2o-gobernador-mejor-evaluado-en-el-pais\/\" class=\"more-link\">Leer m\u00e1s<\/a><\/p>\n","protected":false},"author":2,"featured_media":17928,"comment_status":"open","ping_status":"open","sticky":false,"template":"","format":"standard","meta":{"_monsterinsights_skip_tracking":false,"_monsterinsights_sitenote_active":false,"_monsterinsights_sitenote_note":"","_monsterinsights_sitenote_category":0,"footnotes":""},"categories":[2],"tags":[],"class_list":["post-17927","post","type-post","status-publish","format-standard","has-post-thumbnail","hentry","category-qro","entry"],"aioseo_notices":[],"_links":{"self":[{"href":"https:\/\/a3noticias.com.mx\/sandbox\/wp-json\/wp\/v2\/posts\/17927","targetHints":{"allow":["GET"]}}],"collection":[{"href":"https:\/\/a3noticias.com.mx\/sandbox\/wp-json\/wp\/v2\/posts"}],"about":[{"href":"https:\/\/a3noticias.com.mx\/sandbox\/wp-json\/wp\/v2\/types\/post"}],"author":[{"embeddable":true,"href":"https:\/\/a3noticias.com.mx\/sandbox\/wp-json\/wp\/v2\/users\/2"}],"replies":[{"embeddable":true,"href":"https:\/\/a3noticias.com.mx\/sandbox\/wp-json\/wp\/v2\/comments?post=17927"}],"version-history":[{"count":2,"href":"https:\/\/a3noticias.com.mx\/sandbox\/wp-json\/wp\/v2\/posts\/17927\/revisions"}],"predecessor-version":[{"id":17931,"href":"https:\/\/a3noticias.com.mx\/sandbox\/wp-json\/wp\/v2\/posts\/17927\/revisions\/17931"}],"wp:featuredmedia":[{"embeddable":true,"href":"https:\/\/a3noticias.com.mx\/sandbox\/wp-json\/wp\/v2\/media\/17928"}],"wp:attachment":[{"href":"https:\/\/a3noticias.com.mx\/sandbox\/wp-json\/wp\/v2\/media?parent=17927"}],"wp:term":[{"taxonomy":"category","embeddable":true,"href":"https:\/\/a3noticias.com.mx\/sandbox\/wp-json\/wp\/v2\/categories?post=17927"},{"taxonomy":"post_tag","embeddable":true,"href":"https:\/\/a3noticias.com.mx\/sandbox\/wp-json\/wp\/v2\/tags?post=17927"}],"curies":[{"name":"wp","href":"https:\/\/api.w.org\/{rel}","templated":true}]}}