{"id":17939,"date":"2022-01-03T11:24:42","date_gmt":"2022-01-03T17:24:42","guid":{"rendered":"https:\/\/a3noticias.com.mx\/sandbox\/?p=17939"},"modified":"2022-01-03T11:24:44","modified_gmt":"2022-01-03T17:24:44","slug":"sspm-corregidora-recibe-capacitacion-en-sensibilizacion-y-lenguaje-incluyente","status":"publish","type":"post","link":"https:\/\/a3noticias.com.mx\/sandbox\/2022\/01\/03\/sspm-corregidora-recibe-capacitacion-en-sensibilizacion-y-lenguaje-incluyente\/","title":{"rendered":"SSPM Corregidora recibe capacitaci\u00f3n en \u00abSensibilizaci\u00f3n y Lenguaje Incluyente\u00bb"},"content":{"rendered":"\n<p>El cien por ciento del personal operativo y administrativo de la Secretar\u00eda de Seguridad P\u00fablica Municipal de Corregidora fue capacitado en \u201cSensibilizaci\u00f3n y Lenguaje Incluyente\u201d, convirti\u00e9ndose as\u00ed en la primera dependencia de seguridad que se prepara en ese sentido en su totalidad.&nbsp;<\/p>\n\n\n\n<p>La Mtra. Caroline Lanestosa Oropeza, titular de la dependencia, explic\u00f3 que el objetivo de la capacitaci\u00f3n es implementar acciones, pr\u00e1cticas y actitudes que eviten la exclusi\u00f3n de g\u00e9nero, as\u00ed como promover las relaciones de respeto e igualdad durante sus labores cotidianas.<\/p>\n\n\n\n<p>La capacitaci\u00f3n fue realizada por la especialista en Derechos Humanos y Derecho Internacional Humanitario, la Mtra. Laura Karen Cedillo Torres, del 30 de noviembre al 17 de diciembre en las instalaciones de la Secretar\u00eda.<\/p>\n\n\n\n<p>Est\u00e1s capacitaciones, son de suma importancia, ya que las y los polic\u00edas son cercanos a la ciudadan\u00eda y act\u00faan en muchas ocasiones como los primeros respondientes, por lo que utilizar un lenguaje correcto coadyuva a salvaguardar la integridad de las personas durante todo el proceso.<\/p>\n","protected":false},"excerpt":{"rendered":"<p>El cien por ciento del personal operativo y administrativo de la Secretar\u00eda de Seguridad P\u00fablica Municipal de Corregidora fue capacitado en \u201cSensibilizaci\u00f3n y Lenguaje Incluyente\u201d, convirti\u00e9ndose as\u00ed en la primera &hellip; <a href=\"https:\/\/a3noticias.com.mx\/sandbox\/2022\/01\/03\/sspm-corregidora-recibe-capacitacion-en-sensibilizacion-y-lenguaje-incluyente\/\" class=\"more-link\">Leer m\u00e1s<\/a><\/p>\n","protected":false},"author":2,"featured_media":17940,"comment_status":"open","ping_status":"open","sticky":false,"template":"","format":"standard","meta":{"_monsterinsights_skip_tracking":false,"_monsterinsights_sitenote_active":false,"_monsterinsights_sitenote_note":"","_monsterinsights_sitenote_category":0,"footnotes":""},"categories":[2],"tags":[],"class_list":["post-17939","post","type-post","status-publish","format-standard","has-post-thumbnail","hentry","category-qro","entry"],"aioseo_notices":[],"_links":{"self":[{"href":"https:\/\/a3noticias.com.mx\/sandbox\/wp-json\/wp\/v2\/posts\/17939","targetHints":{"allow":["GET"]}}],"collection":[{"href":"https:\/\/a3noticias.com.mx\/sandbox\/wp-json\/wp\/v2\/posts"}],"about":[{"href":"https:\/\/a3noticias.com.mx\/sandbox\/wp-json\/wp\/v2\/types\/post"}],"author":[{"embeddable":true,"href":"https:\/\/a3noticias.com.mx\/sandbox\/wp-json\/wp\/v2\/users\/2"}],"replies":[{"embeddable":true,"href":"https:\/\/a3noticias.com.mx\/sandbox\/wp-json\/wp\/v2\/comments?post=17939"}],"version-history":[{"count":1,"href":"https:\/\/a3noticias.com.mx\/sandbox\/wp-json\/wp\/v2\/posts\/17939\/revisions"}],"predecessor-version":[{"id":17941,"href":"https:\/\/a3noticias.com.mx\/sandbox\/wp-json\/wp\/v2\/posts\/17939\/revisions\/17941"}],"wp:featuredmedia":[{"embeddable":true,"href":"https:\/\/a3noticias.com.mx\/sandbox\/wp-json\/wp\/v2\/media\/17940"}],"wp:attachment":[{"href":"https:\/\/a3noticias.com.mx\/sandbox\/wp-json\/wp\/v2\/media?parent=17939"}],"wp:term":[{"taxonomy":"category","embeddable":true,"href":"https:\/\/a3noticias.com.mx\/sandbox\/wp-json\/wp\/v2\/categories?post=17939"},{"taxonomy":"post_tag","embeddable":true,"href":"https:\/\/a3noticias.com.mx\/sandbox\/wp-json\/wp\/v2\/tags?post=17939"}],"curies":[{"name":"wp","href":"https:\/\/api.w.org\/{rel}","templated":true}]}}