{"id":17942,"date":"2022-01-04T08:53:54","date_gmt":"2022-01-04T14:53:54","guid":{"rendered":"https:\/\/a3noticias.com.mx\/sandbox\/?p=17942"},"modified":"2022-01-04T08:53:56","modified_gmt":"2022-01-04T14:53:56","slug":"queretaro-sumo-91-casos-de-covid-19-el-fin-de-semana","status":"publish","type":"post","link":"https:\/\/a3noticias.com.mx\/sandbox\/2022\/01\/04\/queretaro-sumo-91-casos-de-covid-19-el-fin-de-semana\/","title":{"rendered":"Quer\u00e9taro sum\u00f3 91 casos de COVID-19 el fin de semana"},"content":{"rendered":"\n<p>En Quer\u00e9taro, una mujer, de 62 a\u00f1os, con diversas comorbilidades, que se encontraba hospitalizada, falleci\u00f3 a causa de COVID-19.<\/p>\n\n\n\n<p>En los \u00faltimos tres d\u00edas se han sumado 91 casos de la enfermedad en el estado (el s\u00e1bado se registraron 14, el domingo 20 y este lunes 57), se trata de 55 mujeres y 36 hombres.<\/p>\n\n\n\n<p>El registro acumulado es de 100 mil 896 casos; 51% son mujeres y 49% son hombres.<\/p>\n\n\n\n<p>Se dio de alta sanitaria a 68 pacientes, con lo que se tiene un registro de 94 mil 412 altas (93.57%).<\/p>\n\n\n\n<p>Con sintomatolog\u00eda leve, aislamiento y manejo en su domicilio hay 325 pacientes y 44 hospitalizados, 19 de los cuales se encuentran graves. Se han registrado seis mil 115 defunciones.<\/p>\n\n\n\n<p>Con relaci\u00f3n a la disponibilidad de camas de hospitalizaci\u00f3n general y con ventilador, con informaci\u00f3n de este 2 de enero, se tiene una ocupaci\u00f3n de 9 por ciento, con base en la Red Negativa de Infecciones Respiratorias Agudas (IRAG).&nbsp;<\/p>\n\n\n\n<p>En Quer\u00e9taro se registra 7 por ciento de ocupaci\u00f3n de camas con ventilador y 11 por ciento en camas sin ventilador.<\/p>\n\n\n\n<p>Se exhorta a la poblaci\u00f3n a no automedicarse y, para prevenir la transmisi\u00f3n, lavarse las manos de manera frecuente con agua y jab\u00f3n o utilizar soluciones alcoholadas a 70%, usar cubreboca al salir de casa y mantener sana distancia entre personas (de 1.5 a dos metros).&nbsp;<\/p>\n\n\n\n<p>Asimismo, a quedarse en casa&nbsp;cuando&nbsp;se tienen enfermedades respiratorias y&nbsp;comunicarse al&nbsp;<em>call center<\/em>estatal&nbsp;<a href=\"tel:4421015205\">4421015205<\/a>,&nbsp;para recibir orientaci\u00f3n m\u00e9dica&nbsp;si se presenta alguno de los s\u00edntomas o signos como:&nbsp;dificultad para respirar (dato de gravedad), fiebre (mayor a 38 grados), dolor de cabeza, tos, dolor de garganta, escurrimiento nasal,&nbsp;dolor de pecho, alteraci\u00f3n del olfato o del sentido del gusto.&nbsp;<\/p>\n","protected":false},"excerpt":{"rendered":"<p>En Quer\u00e9taro, una mujer, de 62 a\u00f1os, con diversas comorbilidades, que se encontraba hospitalizada, falleci\u00f3 a causa de COVID-19. En los \u00faltimos tres d\u00edas se han sumado 91 casos de &hellip; <a href=\"https:\/\/a3noticias.com.mx\/sandbox\/2022\/01\/04\/queretaro-sumo-91-casos-de-covid-19-el-fin-de-semana\/\" class=\"more-link\">Leer m\u00e1s<\/a><\/p>\n","protected":false},"author":4,"featured_media":17664,"comment_status":"open","ping_status":"open","sticky":false,"template":"","format":"standard","meta":{"_monsterinsights_skip_tracking":false,"_monsterinsights_sitenote_active":false,"_monsterinsights_sitenote_note":"","_monsterinsights_sitenote_category":0,"footnotes":""},"categories":[2],"tags":[],"class_list":["post-17942","post","type-post","status-publish","format-standard","has-post-thumbnail","hentry","category-qro","entry"],"aioseo_notices":[],"_links":{"self":[{"href":"https:\/\/a3noticias.com.mx\/sandbox\/wp-json\/wp\/v2\/posts\/17942","targetHints":{"allow":["GET"]}}],"collection":[{"href":"https:\/\/a3noticias.com.mx\/sandbox\/wp-json\/wp\/v2\/posts"}],"about":[{"href":"https:\/\/a3noticias.com.mx\/sandbox\/wp-json\/wp\/v2\/types\/post"}],"author":[{"embeddable":true,"href":"https:\/\/a3noticias.com.mx\/sandbox\/wp-json\/wp\/v2\/users\/4"}],"replies":[{"embeddable":true,"href":"https:\/\/a3noticias.com.mx\/sandbox\/wp-json\/wp\/v2\/comments?post=17942"}],"version-history":[{"count":1,"href":"https:\/\/a3noticias.com.mx\/sandbox\/wp-json\/wp\/v2\/posts\/17942\/revisions"}],"predecessor-version":[{"id":17944,"href":"https:\/\/a3noticias.com.mx\/sandbox\/wp-json\/wp\/v2\/posts\/17942\/revisions\/17944"}],"wp:featuredmedia":[{"embeddable":true,"href":"https:\/\/a3noticias.com.mx\/sandbox\/wp-json\/wp\/v2\/media\/17664"}],"wp:attachment":[{"href":"https:\/\/a3noticias.com.mx\/sandbox\/wp-json\/wp\/v2\/media?parent=17942"}],"wp:term":[{"taxonomy":"category","embeddable":true,"href":"https:\/\/a3noticias.com.mx\/sandbox\/wp-json\/wp\/v2\/categories?post=17942"},{"taxonomy":"post_tag","embeddable":true,"href":"https:\/\/a3noticias.com.mx\/sandbox\/wp-json\/wp\/v2\/tags?post=17942"}],"curies":[{"name":"wp","href":"https:\/\/api.w.org\/{rel}","templated":true}]}}