{"id":17945,"date":"2022-01-04T09:36:12","date_gmt":"2022-01-04T15:36:12","guid":{"rendered":"https:\/\/a3noticias.com.mx\/sandbox\/?p=17945"},"modified":"2022-01-04T09:36:14","modified_gmt":"2022-01-04T15:36:14","slug":"kuri-anuncia-apoyo-para-docentes","status":"publish","type":"post","link":"https:\/\/a3noticias.com.mx\/sandbox\/2022\/01\/04\/kuri-anuncia-apoyo-para-docentes\/","title":{"rendered":"Kuri anuncia apoyo para docentes"},"content":{"rendered":"\n<p>El Gobernador del estado, Mauricio Kuri Gonz\u00e1lez, anunci\u00f3 el arranque del programa de apoyo \u00fanico para el personal docente en activo de las Instituciones P\u00fablicas de Quer\u00e9taro, con el cual se busca reconocer el esfuerzo de los maestros y maestras de la entidad.<\/p>\n\n\n\n<blockquote class=\"wp-block-quote is-layout-flow wp-block-quote-is-layout-flow\"><p>\u201cEstos tiempos de pandemia nos llevaron a una educaci\u00f3n a distancia, a replantear nuestro sistema educativo, lejos de la escuela, de los salones. Y en este reto, parte importante han sido y son las y los docentes: reconocemos su trabajo, su dedicaci\u00f3n y todo su esfuerzo en este tiempo\u201d, se\u00f1al\u00f3.<\/p><\/blockquote>\n\n\n\n<p>Destac\u00f3 que este programa beneficiar\u00e1 a todos los docentes de las escuelas p\u00fablicas de todos los niveles de la entidad; y para este se invertir\u00e1 un total de 22 millones 331 mil pesos.<\/p>\n\n\n\n<p>El apoyo consiste en una ayuda social de mil pesos que se les dar\u00e1 por \u00fanica ocasi\u00f3n en reconocimiento a su labor frente a grupo durante este periodo de pandemia.<\/p>\n\n\n\n<p>Los docentes interesados deber\u00e1n revisar la convocatoria en la p\u00e1gina web de la Secretar\u00eda de Educaci\u00f3n <a href=\"https:\/\/www.queretaro.gob.mx\/educacion\/\">https:\/\/www.queretaro.gob.mx\/educacion\/<\/a>.<\/p>\n\n\n\n<p>Kuri Gonz\u00e1lez se\u00f1al\u00f3 la importancia del regreso a las aulas de manera presencial, siguiendo todos los protocolos sanitarios pertinentes para un retorno seguro.<\/p>\n\n\n\n<blockquote class=\"wp-block-quote is-layout-flow wp-block-quote-is-layout-flow\"><p>\u201cNo es momento de bajar la guardia, es momento de seguir adelante\u201d apunt\u00f3.<\/p><\/blockquote>\n\n\n\n<p>Cabe se\u00f1alar, que esta ayuda ser\u00e1 proporcionada por \u00fanica ocasi\u00f3n, no es acumulable, y no forma parte de ninguna otra prestaci\u00f3n laboral, ni apoyo de salario y su entrega ser\u00e1 de acuerdo al listado de docentes que emitan las instituciones educativas p\u00fablicas establecidas en el estado de Quer\u00e9taro.<\/p>\n","protected":false},"excerpt":{"rendered":"<p>El Gobernador del estado, Mauricio Kuri Gonz\u00e1lez, anunci\u00f3 el arranque del programa de apoyo \u00fanico para el personal docente en activo de las Instituciones P\u00fablicas de Quer\u00e9taro, con el cual &hellip; <a href=\"https:\/\/a3noticias.com.mx\/sandbox\/2022\/01\/04\/kuri-anuncia-apoyo-para-docentes\/\" class=\"more-link\">Leer m\u00e1s<\/a><\/p>\n","protected":false},"author":4,"featured_media":17946,"comment_status":"open","ping_status":"open","sticky":false,"template":"","format":"standard","meta":{"_monsterinsights_skip_tracking":false,"_monsterinsights_sitenote_active":false,"_monsterinsights_sitenote_note":"","_monsterinsights_sitenote_category":0,"footnotes":""},"categories":[2],"tags":[],"class_list":["post-17945","post","type-post","status-publish","format-standard","has-post-thumbnail","hentry","category-qro","entry"],"aioseo_notices":[],"_links":{"self":[{"href":"https:\/\/a3noticias.com.mx\/sandbox\/wp-json\/wp\/v2\/posts\/17945","targetHints":{"allow":["GET"]}}],"collection":[{"href":"https:\/\/a3noticias.com.mx\/sandbox\/wp-json\/wp\/v2\/posts"}],"about":[{"href":"https:\/\/a3noticias.com.mx\/sandbox\/wp-json\/wp\/v2\/types\/post"}],"author":[{"embeddable":true,"href":"https:\/\/a3noticias.com.mx\/sandbox\/wp-json\/wp\/v2\/users\/4"}],"replies":[{"embeddable":true,"href":"https:\/\/a3noticias.com.mx\/sandbox\/wp-json\/wp\/v2\/comments?post=17945"}],"version-history":[{"count":1,"href":"https:\/\/a3noticias.com.mx\/sandbox\/wp-json\/wp\/v2\/posts\/17945\/revisions"}],"predecessor-version":[{"id":17947,"href":"https:\/\/a3noticias.com.mx\/sandbox\/wp-json\/wp\/v2\/posts\/17945\/revisions\/17947"}],"wp:featuredmedia":[{"embeddable":true,"href":"https:\/\/a3noticias.com.mx\/sandbox\/wp-json\/wp\/v2\/media\/17946"}],"wp:attachment":[{"href":"https:\/\/a3noticias.com.mx\/sandbox\/wp-json\/wp\/v2\/media?parent=17945"}],"wp:term":[{"taxonomy":"category","embeddable":true,"href":"https:\/\/a3noticias.com.mx\/sandbox\/wp-json\/wp\/v2\/categories?post=17945"},{"taxonomy":"post_tag","embeddable":true,"href":"https:\/\/a3noticias.com.mx\/sandbox\/wp-json\/wp\/v2\/tags?post=17945"}],"curies":[{"name":"wp","href":"https:\/\/api.w.org\/{rel}","templated":true}]}}