{"id":17948,"date":"2022-01-04T12:54:30","date_gmt":"2022-01-04T18:54:30","guid":{"rendered":"https:\/\/a3noticias.com.mx\/sandbox\/?p=17948"},"modified":"2022-01-04T12:54:33","modified_gmt":"2022-01-04T18:54:33","slug":"descartan-casos-sospechas-de-omicron-en-queretaro","status":"publish","type":"post","link":"https:\/\/a3noticias.com.mx\/sandbox\/2022\/01\/04\/descartan-casos-sospechas-de-omicron-en-queretaro\/","title":{"rendered":"Descartan casos sospechas de \u00f3micron en Quer\u00e9taro"},"content":{"rendered":"\n<p>Fueron descartados los tres casos sospechosos de \u00d3micron en Quer\u00e9taro, a\u00fan no llega esta nueva variante a la entidad, inform\u00f3 la Secretaria de Salud del Estado, Martina P\u00e9rez Rend\u00f3n.<\/p>\n\n\n\n<p>El pasado 21 de diciembre se ten\u00eda la sospecha de que la nueva variante de Covid-19, \u00d3micron, hab\u00eda llegado a Quer\u00e9taro, luego de que tres viajeros provenientes de Estados Unidos y Canad\u00e1, que hab\u00edan tenido contacto directo con una persona que dio positivo a Covid-19, presentaran s\u00edntomas, sin embargo, luego de haberles realizado las pruebas pertinentes se descart\u00f3 la presencia de esta nueva variante en el estado.<\/p>\n\n\n\n<p>De acuerdo con P\u00e9rez Rend\u00f3n, hasta el momento la variante predominante en la entidad contin\u00faa siendo Delta y a\u00fan no se han identificado casos de \u00d3micron.<\/p>\n\n\n\n<p>Con respecto a la cuarta ola de la pandemia, la titular de la dependencia destac\u00f3 que ser\u00e1 hasta mediados de enero cuando se pueda ver reflejado un alta en los casos activos de Covid en la entidad.<\/p>\n\n\n\n<p>Apunt\u00f3 que las llamadas al Call Center de la l\u00ednea Covid han presentado un incremento del 20 por ciento en la \u00faltima semana, sin embargo, se\u00f1al\u00f3 que se debe a que en temporada invernal incrementan las enfermedades respiratorias.<\/p>\n\n\n\n<p>Con informaci\u00f3n de<em> Quadrat\u00edn<\/em><\/p>\n","protected":false},"excerpt":{"rendered":"<p>Fueron descartados los tres casos sospechosos de \u00d3micron en Quer\u00e9taro, a\u00fan no llega esta nueva variante a la entidad, inform\u00f3 la Secretaria de Salud del Estado, Martina P\u00e9rez Rend\u00f3n. El &hellip; <a href=\"https:\/\/a3noticias.com.mx\/sandbox\/2022\/01\/04\/descartan-casos-sospechas-de-omicron-en-queretaro\/\" class=\"more-link\">Leer m\u00e1s<\/a><\/p>\n","protected":false},"author":4,"featured_media":17949,"comment_status":"open","ping_status":"open","sticky":false,"template":"","format":"standard","meta":{"_monsterinsights_skip_tracking":false,"_monsterinsights_sitenote_active":false,"_monsterinsights_sitenote_note":"","_monsterinsights_sitenote_category":0,"footnotes":""},"categories":[2],"tags":[],"class_list":["post-17948","post","type-post","status-publish","format-standard","has-post-thumbnail","hentry","category-qro","entry"],"aioseo_notices":[],"_links":{"self":[{"href":"https:\/\/a3noticias.com.mx\/sandbox\/wp-json\/wp\/v2\/posts\/17948","targetHints":{"allow":["GET"]}}],"collection":[{"href":"https:\/\/a3noticias.com.mx\/sandbox\/wp-json\/wp\/v2\/posts"}],"about":[{"href":"https:\/\/a3noticias.com.mx\/sandbox\/wp-json\/wp\/v2\/types\/post"}],"author":[{"embeddable":true,"href":"https:\/\/a3noticias.com.mx\/sandbox\/wp-json\/wp\/v2\/users\/4"}],"replies":[{"embeddable":true,"href":"https:\/\/a3noticias.com.mx\/sandbox\/wp-json\/wp\/v2\/comments?post=17948"}],"version-history":[{"count":1,"href":"https:\/\/a3noticias.com.mx\/sandbox\/wp-json\/wp\/v2\/posts\/17948\/revisions"}],"predecessor-version":[{"id":17950,"href":"https:\/\/a3noticias.com.mx\/sandbox\/wp-json\/wp\/v2\/posts\/17948\/revisions\/17950"}],"wp:featuredmedia":[{"embeddable":true,"href":"https:\/\/a3noticias.com.mx\/sandbox\/wp-json\/wp\/v2\/media\/17949"}],"wp:attachment":[{"href":"https:\/\/a3noticias.com.mx\/sandbox\/wp-json\/wp\/v2\/media?parent=17948"}],"wp:term":[{"taxonomy":"category","embeddable":true,"href":"https:\/\/a3noticias.com.mx\/sandbox\/wp-json\/wp\/v2\/categories?post=17948"},{"taxonomy":"post_tag","embeddable":true,"href":"https:\/\/a3noticias.com.mx\/sandbox\/wp-json\/wp\/v2\/tags?post=17948"}],"curies":[{"name":"wp","href":"https:\/\/api.w.org\/{rel}","templated":true}]}}