{"id":17951,"date":"2022-01-04T14:18:54","date_gmt":"2022-01-04T20:18:54","guid":{"rendered":"https:\/\/a3noticias.com.mx\/sandbox\/?p=17951"},"modified":"2022-01-04T14:18:55","modified_gmt":"2022-01-04T20:18:55","slug":"anuncian-dosis-de-refuerzo-contra-el-covid-para-maestros","status":"publish","type":"post","link":"https:\/\/a3noticias.com.mx\/sandbox\/2022\/01\/04\/anuncian-dosis-de-refuerzo-contra-el-covid-para-maestros\/","title":{"rendered":"Anuncian dosis de refuerzo contra el Covid para Maestros"},"content":{"rendered":"\n<p>El pr\u00f3ximo s\u00e1bado 8 de enero comenzar\u00e1 la aplicaci\u00f3n de dosis de refuerzo contra el Covid-19 a los maestros del pa\u00eds en 16 entidades federativas, anunci\u00f3 el Secretario de Salud, Jorge Alcocer esta ma\u00f1ana durante la conferencia de prensa matutina en Palacio Nacional.<\/p>\n\n\n\n<p>De acuerdo con lo informado por el Secretario, el biol\u00f3gico que se estar\u00e1 aplicando ser\u00e1 el del laboratorio Moderna, que en un primer embarque ser\u00e1 de 1.27 millones de dosis y cinco d\u00edas despu\u00e9s arribar\u00e1 a M\u00e9xico el segundo embarque consistente en 1.50 millones de dosis, que en total corresponden a 2.77 millones de dosis de refuerzo para inmunizar al personal educativo del pa\u00eds.<\/p>\n\n\n\n<p>Detall\u00f3 que la aplicaci\u00f3n se llevar\u00e1 a cabo de acuerdo a la log\u00edstica que se tiene contemplada por la Secretar\u00eda de Salud y conforme a la convocatoria.<\/p>\n\n\n\n<p>Por su parte, el presidente de la Rep\u00fablica, Andr\u00e9s Manuel L\u00f3pez Obrador, extern\u00f3 que la vacunaci\u00f3n para los docentes se realizar\u00e1 sin interrumpir clases; e hizo hincapi\u00e9 en \u201cque no nos infundan ni metan miedo\u201d, pues asegur\u00f3 que pese a que la nueva variante de Covid-19, \u00d3micron, es m\u00e1s contagiosa, no hay incremento en hospitalizaciones ni fallecimientos por su causa.&nbsp;<\/p>\n\n\n\n<p>El canciller Marcelo Ebrard, acot\u00f3 que las vacunas Moderna provienen de una donaci\u00f3n por parte del Gobierno de los Estados Unidos a M\u00e9xico y arribar\u00e1n al pa\u00eds el pr\u00f3ximo jueves con el apoyo de Direct Relief.<\/p>\n\n\n\n<blockquote class=\"wp-block-quote is-layout-flow wp-block-quote-is-layout-flow\"><p>\u201cEste jueves vamos a recibir 1.2 millones de las vacunas Moderna. Recibiremos 15 millones m\u00e1s en las pr\u00f3ximas semanas. Agradecemos la donaci\u00f3n. Est\u00e1 semana llegaremos a 202 millones de dosis. Concluimos ya cuatro contratos\u201d, apunt\u00f3 Ebrard Casaub\u00f3n.<\/p><\/blockquote>\n","protected":false},"excerpt":{"rendered":"<p>El pr\u00f3ximo s\u00e1bado 8 de enero comenzar\u00e1 la aplicaci\u00f3n de dosis de refuerzo contra el Covid-19 a los maestros del pa\u00eds en 16 entidades federativas, anunci\u00f3 el Secretario de Salud, &hellip; <a href=\"https:\/\/a3noticias.com.mx\/sandbox\/2022\/01\/04\/anuncian-dosis-de-refuerzo-contra-el-covid-para-maestros\/\" class=\"more-link\">Leer m\u00e1s<\/a><\/p>\n","protected":false},"author":4,"featured_media":17952,"comment_status":"open","ping_status":"open","sticky":false,"template":"","format":"standard","meta":{"_monsterinsights_skip_tracking":false,"_monsterinsights_sitenote_active":false,"_monsterinsights_sitenote_note":"","_monsterinsights_sitenote_category":0,"footnotes":""},"categories":[3],"tags":[],"class_list":["post-17951","post","type-post","status-publish","format-standard","has-post-thumbnail","hentry","category-nal","entry"],"aioseo_notices":[],"_links":{"self":[{"href":"https:\/\/a3noticias.com.mx\/sandbox\/wp-json\/wp\/v2\/posts\/17951","targetHints":{"allow":["GET"]}}],"collection":[{"href":"https:\/\/a3noticias.com.mx\/sandbox\/wp-json\/wp\/v2\/posts"}],"about":[{"href":"https:\/\/a3noticias.com.mx\/sandbox\/wp-json\/wp\/v2\/types\/post"}],"author":[{"embeddable":true,"href":"https:\/\/a3noticias.com.mx\/sandbox\/wp-json\/wp\/v2\/users\/4"}],"replies":[{"embeddable":true,"href":"https:\/\/a3noticias.com.mx\/sandbox\/wp-json\/wp\/v2\/comments?post=17951"}],"version-history":[{"count":1,"href":"https:\/\/a3noticias.com.mx\/sandbox\/wp-json\/wp\/v2\/posts\/17951\/revisions"}],"predecessor-version":[{"id":17953,"href":"https:\/\/a3noticias.com.mx\/sandbox\/wp-json\/wp\/v2\/posts\/17951\/revisions\/17953"}],"wp:featuredmedia":[{"embeddable":true,"href":"https:\/\/a3noticias.com.mx\/sandbox\/wp-json\/wp\/v2\/media\/17952"}],"wp:attachment":[{"href":"https:\/\/a3noticias.com.mx\/sandbox\/wp-json\/wp\/v2\/media?parent=17951"}],"wp:term":[{"taxonomy":"category","embeddable":true,"href":"https:\/\/a3noticias.com.mx\/sandbox\/wp-json\/wp\/v2\/categories?post=17951"},{"taxonomy":"post_tag","embeddable":true,"href":"https:\/\/a3noticias.com.mx\/sandbox\/wp-json\/wp\/v2\/tags?post=17951"}],"curies":[{"name":"wp","href":"https:\/\/api.w.org\/{rel}","templated":true}]}}