{"id":17954,"date":"2022-01-04T14:50:50","date_gmt":"2022-01-04T20:50:50","guid":{"rendered":"https:\/\/a3noticias.com.mx\/sandbox\/?p=17954"},"modified":"2022-01-04T14:50:52","modified_gmt":"2022-01-04T20:50:52","slug":"pese-a-cuarta-ola-de-covid-19-gran-cantidad-de-alumnos-y-profesores-regresaran-a-las-aulas-en-queretaro","status":"publish","type":"post","link":"https:\/\/a3noticias.com.mx\/sandbox\/2022\/01\/04\/pese-a-cuarta-ola-de-covid-19-gran-cantidad-de-alumnos-y-profesores-regresaran-a-las-aulas-en-queretaro\/","title":{"rendered":"Pese a cuarta ola de Covid-19, gran cantidad de alumnos y  profesores regresar\u00e1n a las aulas en Quer\u00e9taro."},"content":{"rendered":"\n<p>Ra\u00fal Iturralde Olvera, coordinador de la Unidad de Servicios Para la Educaci\u00f3n B\u00e1sica en el Estado de Quer\u00e9taro (USEBEQ), se\u00f1al\u00f3&nbsp; que&nbsp; a partir del 10 de enero se reincorporar\u00e1n 786 escuelas, lo que representa a m\u00e1s de 75 mil 257 alumnos y 3 mil 304 profesores de todo el estado.&nbsp;<\/p>\n\n\n\n<p>Asimismo, destac\u00f3 que hasta el momento se han rehabilitado 460 escuelas, y que las \u00faltimas 100 se reincorporar\u00e1n a las actividades presenciales en el mes de enero&nbsp;<\/p>\n\n\n\n<blockquote class=\"wp-block-quote is-layout-flow wp-block-quote-is-layout-flow\"><p>\u201cPara llegar a un total de 886 centros de trabajo con clases en la modalidad presencial. Nos estar\u00eda faltando aproximadamente mil 160 escuelas por rehabilitar, las cuales ser\u00e1n rehabilitadas durante el mes de enero y empezar\u00e1n a entregarlas en el mes de febrero\u201d.\u00a0<\/p><\/blockquote>\n\n\n\n<p>El coordinador de USEBEQ apunt\u00f3 que con este plan de rehabilitaci\u00f3n de escuelas se permitir\u00e1 volver a las aulas de manera total en el mes de marzo con los protocolos de seguridad, si las condiciones epidemiol\u00f3gicas lo permiten.<\/p>\n\n\n\n<p>Por su parte, la secretaria de Salud, Martina P\u00e9rez Rend\u00f3n se\u00f1al\u00f3&nbsp; que se mantiene permanente la vigilancia en cuanto a casos de covid y apunt\u00f3 que en estos momentos las condiciones permiten el regreso a clases.&nbsp;<\/p>\n","protected":false},"excerpt":{"rendered":"<p>Ra\u00fal Iturralde Olvera, coordinador de la Unidad de Servicios Para la Educaci\u00f3n B\u00e1sica en el Estado de Quer\u00e9taro (USEBEQ), se\u00f1al\u00f3&nbsp; que&nbsp; a partir del 10 de enero se reincorporar\u00e1n 786 &hellip; <a href=\"https:\/\/a3noticias.com.mx\/sandbox\/2022\/01\/04\/pese-a-cuarta-ola-de-covid-19-gran-cantidad-de-alumnos-y-profesores-regresaran-a-las-aulas-en-queretaro\/\" class=\"more-link\">Leer m\u00e1s<\/a><\/p>\n","protected":false},"author":2,"featured_media":17955,"comment_status":"open","ping_status":"open","sticky":false,"template":"","format":"standard","meta":{"_monsterinsights_skip_tracking":false,"_monsterinsights_sitenote_active":false,"_monsterinsights_sitenote_note":"","_monsterinsights_sitenote_category":0,"footnotes":""},"categories":[2],"tags":[],"class_list":["post-17954","post","type-post","status-publish","format-standard","has-post-thumbnail","hentry","category-qro","entry"],"aioseo_notices":[],"_links":{"self":[{"href":"https:\/\/a3noticias.com.mx\/sandbox\/wp-json\/wp\/v2\/posts\/17954","targetHints":{"allow":["GET"]}}],"collection":[{"href":"https:\/\/a3noticias.com.mx\/sandbox\/wp-json\/wp\/v2\/posts"}],"about":[{"href":"https:\/\/a3noticias.com.mx\/sandbox\/wp-json\/wp\/v2\/types\/post"}],"author":[{"embeddable":true,"href":"https:\/\/a3noticias.com.mx\/sandbox\/wp-json\/wp\/v2\/users\/2"}],"replies":[{"embeddable":true,"href":"https:\/\/a3noticias.com.mx\/sandbox\/wp-json\/wp\/v2\/comments?post=17954"}],"version-history":[{"count":1,"href":"https:\/\/a3noticias.com.mx\/sandbox\/wp-json\/wp\/v2\/posts\/17954\/revisions"}],"predecessor-version":[{"id":17956,"href":"https:\/\/a3noticias.com.mx\/sandbox\/wp-json\/wp\/v2\/posts\/17954\/revisions\/17956"}],"wp:featuredmedia":[{"embeddable":true,"href":"https:\/\/a3noticias.com.mx\/sandbox\/wp-json\/wp\/v2\/media\/17955"}],"wp:attachment":[{"href":"https:\/\/a3noticias.com.mx\/sandbox\/wp-json\/wp\/v2\/media?parent=17954"}],"wp:term":[{"taxonomy":"category","embeddable":true,"href":"https:\/\/a3noticias.com.mx\/sandbox\/wp-json\/wp\/v2\/categories?post=17954"},{"taxonomy":"post_tag","embeddable":true,"href":"https:\/\/a3noticias.com.mx\/sandbox\/wp-json\/wp\/v2\/tags?post=17954"}],"curies":[{"name":"wp","href":"https:\/\/api.w.org\/{rel}","templated":true}]}}