{"id":17960,"date":"2022-01-04T16:03:52","date_gmt":"2022-01-04T22:03:52","guid":{"rendered":"https:\/\/a3noticias.com.mx\/sandbox\/?p=17960"},"modified":"2022-01-04T16:03:54","modified_gmt":"2022-01-04T22:03:54","slug":"ciudadania-en-contra-de-reemplacamiento-vehicular-toman-medidas-para-manifestar-su-desacuerdo","status":"publish","type":"post","link":"https:\/\/a3noticias.com.mx\/sandbox\/2022\/01\/04\/ciudadania-en-contra-de-reemplacamiento-vehicular-toman-medidas-para-manifestar-su-desacuerdo\/","title":{"rendered":"Ciudadan\u00eda en contra de reemplacamiento veh\u00edcular, toman medidas para manifestar su desacuerdo."},"content":{"rendered":"\n<p>Luego de que el gobierno de Quer\u00e9taro anunciara de manera oficial la campa\u00f1a de reemplacamiento de veh\u00edculos en el estado, la ciudadan\u00eda inconforme ha comenzado una movilizaci\u00f3n digital contra el reemplacamiento de autom\u00f3viles en Quer\u00e9taro.&nbsp;<\/p>\n\n\n\n<p>Hasta el momento los inconformes con esta parte del programa \u00abQuer\u00e9taro avanza seguro\u00bb, se han manifestado a trav\u00e9s de memes y peticiones de Change.org en una campa\u00f1a denominada \u2018No al replaqueo Quer\u00e9taro\u2019, as\u00ed mismo, la ciudadan\u00eda ha comenzado a organizar algunas manifestaciones presenciales.<\/p>\n\n\n\n<p>El llamado a manifestarse en contra del reemplacamiento es para el pr\u00f3ximo viernes, de acuerdo a lo anunciado en un grupo de Facebook nombrado \u201cNo al pago de placas en Quer\u00e9taro\u201c, a las 14:00 horas los ciudadanos se concentrar\u00e1n frente a Palacio de Gobierno y andador 5 de Mayo.<\/p>\n\n\n\n<p>Adem\u00e1s, tambi\u00e9n se rumora que habr\u00e1 otra manifestaci\u00f3n el&nbsp; 18 de enero a las 9 horas, en donde se contempla una marcha que partir\u00e1 de la Alameda Hidalgo y concluir\u00e1 en Plaza de Armas, frente al Palacio de Gobierno.<\/p>\n\n\n\n<p>El objetivo de dichas protestas ser\u00e1 exigir un freno al reemplacamiento aprobado por las autoridades, el cual seg\u00fan las estad\u00edsticas lo ubican entre los m\u00e1s caros del pa\u00eds.<\/p>\n","protected":false},"excerpt":{"rendered":"<p>Luego de que el gobierno de Quer\u00e9taro anunciara de manera oficial la campa\u00f1a de reemplacamiento de veh\u00edculos en el estado, la ciudadan\u00eda inconforme ha comenzado una movilizaci\u00f3n digital contra el &hellip; <a href=\"https:\/\/a3noticias.com.mx\/sandbox\/2022\/01\/04\/ciudadania-en-contra-de-reemplacamiento-vehicular-toman-medidas-para-manifestar-su-desacuerdo\/\" class=\"more-link\">Leer m\u00e1s<\/a><\/p>\n","protected":false},"author":2,"featured_media":17961,"comment_status":"open","ping_status":"open","sticky":false,"template":"","format":"standard","meta":{"_monsterinsights_skip_tracking":false,"_monsterinsights_sitenote_active":false,"_monsterinsights_sitenote_note":"","_monsterinsights_sitenote_category":0,"footnotes":""},"categories":[2],"tags":[],"class_list":["post-17960","post","type-post","status-publish","format-standard","has-post-thumbnail","hentry","category-qro","entry"],"aioseo_notices":[],"_links":{"self":[{"href":"https:\/\/a3noticias.com.mx\/sandbox\/wp-json\/wp\/v2\/posts\/17960","targetHints":{"allow":["GET"]}}],"collection":[{"href":"https:\/\/a3noticias.com.mx\/sandbox\/wp-json\/wp\/v2\/posts"}],"about":[{"href":"https:\/\/a3noticias.com.mx\/sandbox\/wp-json\/wp\/v2\/types\/post"}],"author":[{"embeddable":true,"href":"https:\/\/a3noticias.com.mx\/sandbox\/wp-json\/wp\/v2\/users\/2"}],"replies":[{"embeddable":true,"href":"https:\/\/a3noticias.com.mx\/sandbox\/wp-json\/wp\/v2\/comments?post=17960"}],"version-history":[{"count":1,"href":"https:\/\/a3noticias.com.mx\/sandbox\/wp-json\/wp\/v2\/posts\/17960\/revisions"}],"predecessor-version":[{"id":17962,"href":"https:\/\/a3noticias.com.mx\/sandbox\/wp-json\/wp\/v2\/posts\/17960\/revisions\/17962"}],"wp:featuredmedia":[{"embeddable":true,"href":"https:\/\/a3noticias.com.mx\/sandbox\/wp-json\/wp\/v2\/media\/17961"}],"wp:attachment":[{"href":"https:\/\/a3noticias.com.mx\/sandbox\/wp-json\/wp\/v2\/media?parent=17960"}],"wp:term":[{"taxonomy":"category","embeddable":true,"href":"https:\/\/a3noticias.com.mx\/sandbox\/wp-json\/wp\/v2\/categories?post=17960"},{"taxonomy":"post_tag","embeddable":true,"href":"https:\/\/a3noticias.com.mx\/sandbox\/wp-json\/wp\/v2\/tags?post=17960"}],"curies":[{"name":"wp","href":"https:\/\/api.w.org\/{rel}","templated":true}]}}