{"id":17963,"date":"2022-01-05T09:15:00","date_gmt":"2022-01-05T15:15:00","guid":{"rendered":"https:\/\/a3noticias.com.mx\/sandbox\/?p=17963"},"modified":"2022-01-05T09:15:03","modified_gmt":"2022-01-05T15:15:03","slug":"queretaro-con-registro-de-94-mil-473-altas-de-covid-19","status":"publish","type":"post","link":"https:\/\/a3noticias.com.mx\/sandbox\/2022\/01\/05\/queretaro-con-registro-de-94-mil-473-altas-de-covid-19\/","title":{"rendered":"Quer\u00e9taro con registro de 94 mil 473 altas de Covid-19"},"content":{"rendered":"\n<p>En Quer\u00e9taro, una mujer, de 62 a\u00f1os, sin comorbilidad y una mujer de 59 a\u00f1os, con diversas comorbilidades, que se encontraban hospitalizadas, fallecieron a causa de COVID-19.<\/p>\n\n\n\n<p>En el estado se suman 19 casos de la enfermedad; se trata de diez mujeres y nueve hombres.<\/p>\n\n\n\n<p>El registro acumulado es de 100 mil 915 casos; 51% son mujeres y 49% son hombres.<\/p>\n\n\n\n<p>Se dio de alta sanitaria a 61 pacientes, con lo que se tiene un registro de 94 mil 473 altas (93.61%).<\/p>\n\n\n\n<p>Con sintomatolog\u00eda leve, aislamiento y manejo en su domicilio hay 283 pacientes y 42 hospitalizados, 15 de los cuales se encuentran graves. Se han registrado seis mil 117 defunciones.<\/p>\n\n\n\n<p>Con relaci\u00f3n a la disponibilidad de camas de hospitalizaci\u00f3n general y con ventilador, con informaci\u00f3n de este 3 de enero, se tiene una ocupaci\u00f3n de 10 por ciento, con base en la Red Negativa de Infecciones Respiratorias Agudas (IRAG).&nbsp;<\/p>\n\n\n\n<p>En Quer\u00e9taro se registra 6 por ciento de ocupaci\u00f3n de camas con ventilador y 14 por ciento en camas sin ventilador.<\/p>\n\n\n\n<p>Se exhorta a la poblaci\u00f3n a no automedicarse y, para prevenir la transmisi\u00f3n, lavarse las manos de manera frecuente con agua y jab\u00f3n o utilizar soluciones alcoholadas a 70%, usar cubreboca al salir de casa y mantener sana distancia entre personas (de 1.5 a dos metros).&nbsp;<\/p>\n\n\n\n<p>Asimismo, a quedarse en casa\u00a0cuando\u00a0se tienen enfermedades respiratorias y\u00a0comunicarse al\u00a0<em>call center<\/em> estatal 4421015205,\u00a0para recibir orientaci\u00f3n m\u00e9dica\u00a0si se presenta alguno de los s\u00edntomas o signos como:\u00a0dificultad para respirar (dato de gravedad), fiebre (mayor a 38 grados), dolor de cabeza, tos, dolor de garganta, escurrimiento nasal,\u00a0dolor de pecho, alteraci\u00f3n del olfato o del sentido del gusto.\u00a0<\/p>\n\n\n\n<figure class=\"wp-block-image size-full\"><img loading=\"lazy\" decoding=\"async\" width=\"1280\" height=\"720\" src=\"https:\/\/a3noticias.com.mx\/sandbox\/wp-content\/uploads\/2022\/01\/71_273_35002_2135147995_4342F1EC-106B-43E2-8414-7F0CC30ADC21.jpeg\" alt=\"\" class=\"wp-image-17964\" srcset=\"https:\/\/a3noticias.com.mx\/sandbox\/wp-content\/uploads\/2022\/01\/71_273_35002_2135147995_4342F1EC-106B-43E2-8414-7F0CC30ADC21.jpeg 1280w, https:\/\/a3noticias.com.mx\/sandbox\/wp-content\/uploads\/2022\/01\/71_273_35002_2135147995_4342F1EC-106B-43E2-8414-7F0CC30ADC21-300x169.jpeg 300w, https:\/\/a3noticias.com.mx\/sandbox\/wp-content\/uploads\/2022\/01\/71_273_35002_2135147995_4342F1EC-106B-43E2-8414-7F0CC30ADC21-160x90.jpeg 160w, https:\/\/a3noticias.com.mx\/sandbox\/wp-content\/uploads\/2022\/01\/71_273_35002_2135147995_4342F1EC-106B-43E2-8414-7F0CC30ADC21-768x432.jpeg 768w\" sizes=\"auto, (max-width: 1280px) 100vw, 1280px\" \/><\/figure>\n\n\n\n<p><\/p>\n","protected":false},"excerpt":{"rendered":"<p>En Quer\u00e9taro, una mujer, de 62 a\u00f1os, sin comorbilidad y una mujer de 59 a\u00f1os, con diversas comorbilidades, que se encontraban hospitalizadas, fallecieron a causa de COVID-19. En el estado &hellip; <a href=\"https:\/\/a3noticias.com.mx\/sandbox\/2022\/01\/05\/queretaro-con-registro-de-94-mil-473-altas-de-covid-19\/\" class=\"more-link\">Leer m\u00e1s<\/a><\/p>\n","protected":false},"author":4,"featured_media":17965,"comment_status":"open","ping_status":"open","sticky":false,"template":"","format":"standard","meta":{"_monsterinsights_skip_tracking":false,"_monsterinsights_sitenote_active":false,"_monsterinsights_sitenote_note":"","_monsterinsights_sitenote_category":0,"footnotes":""},"categories":[2],"tags":[],"class_list":["post-17963","post","type-post","status-publish","format-standard","has-post-thumbnail","hentry","category-qro","entry"],"aioseo_notices":[],"_links":{"self":[{"href":"https:\/\/a3noticias.com.mx\/sandbox\/wp-json\/wp\/v2\/posts\/17963","targetHints":{"allow":["GET"]}}],"collection":[{"href":"https:\/\/a3noticias.com.mx\/sandbox\/wp-json\/wp\/v2\/posts"}],"about":[{"href":"https:\/\/a3noticias.com.mx\/sandbox\/wp-json\/wp\/v2\/types\/post"}],"author":[{"embeddable":true,"href":"https:\/\/a3noticias.com.mx\/sandbox\/wp-json\/wp\/v2\/users\/4"}],"replies":[{"embeddable":true,"href":"https:\/\/a3noticias.com.mx\/sandbox\/wp-json\/wp\/v2\/comments?post=17963"}],"version-history":[{"count":1,"href":"https:\/\/a3noticias.com.mx\/sandbox\/wp-json\/wp\/v2\/posts\/17963\/revisions"}],"predecessor-version":[{"id":17966,"href":"https:\/\/a3noticias.com.mx\/sandbox\/wp-json\/wp\/v2\/posts\/17963\/revisions\/17966"}],"wp:featuredmedia":[{"embeddable":true,"href":"https:\/\/a3noticias.com.mx\/sandbox\/wp-json\/wp\/v2\/media\/17965"}],"wp:attachment":[{"href":"https:\/\/a3noticias.com.mx\/sandbox\/wp-json\/wp\/v2\/media?parent=17963"}],"wp:term":[{"taxonomy":"category","embeddable":true,"href":"https:\/\/a3noticias.com.mx\/sandbox\/wp-json\/wp\/v2\/categories?post=17963"},{"taxonomy":"post_tag","embeddable":true,"href":"https:\/\/a3noticias.com.mx\/sandbox\/wp-json\/wp\/v2\/tags?post=17963"}],"curies":[{"name":"wp","href":"https:\/\/api.w.org\/{rel}","templated":true}]}}