{"id":17971,"date":"2022-01-05T11:30:00","date_gmt":"2022-01-05T17:30:00","guid":{"rendered":"https:\/\/a3noticias.com.mx\/sandbox\/?p=17971"},"modified":"2022-01-05T11:32:11","modified_gmt":"2022-01-05T17:32:11","slug":"anuncia-gobierno-50-de-descuento-en-reemplacamiento-y-refrendo-vehicular-a-beneficiarios-inapam-y-personas-con-discapacidad","status":"publish","type":"post","link":"https:\/\/a3noticias.com.mx\/sandbox\/2022\/01\/05\/anuncia-gobierno-50-de-descuento-en-reemplacamiento-y-refrendo-vehicular-a-beneficiarios-inapam-y-personas-con-discapacidad\/","title":{"rendered":"Anuncia Gobierno 50% de descuento en reemplacamiento y refrendo vehicular a beneficiarios INAPAM y personas con discapacidad"},"content":{"rendered":"\n<p>Personas con discapacidad y empadronados al Instituto Nacional de las Personas Adultas Mayores&nbsp;(INAPAM), obtendr\u00e1n un descuento del 50 por ciento en su tr\u00e1mite de reemplacamiento y refrendo vehicular que deber\u00e1 realizarse antes del 31 de julio de este 2022.<\/p>\n\n\n\n<p>A trav\u00e9s de un comunicado, el Poder Ejecutivo del Estado de Quer\u00e9taro inform\u00f3 que las personas antes mencionadas pagar\u00e1n \u00fanicamente mil 165 pesos, en el caso de los propietarios de autom\u00f3viles privados por concepto de reemplacamiento, cabe destacar que el costo normal es de 2 mil 330 pesos con 13 centavos; mientras que para el refrendo vehicular pagar\u00e1n \u00fanicamente la cantidad de 403 pesos.<\/p>\n\n\n\n<p>Adem\u00e1s los beneficiarios podr\u00e1n obtener el seguro gratuito que brindar\u00e1 cobertura nacional y amparar\u00e1 gastos por hospitalizaci\u00f3n, atenci\u00f3n m\u00e9dica, enfermeros, servicios de ambulancia y funerarios.&nbsp; Esto mientras que el autom\u00f3vil tenga un costo de 150 mil pesos valor depreciado.<\/p>\n\n\n\n<p>Si la persona interesada se incorpora por primera vez al padr\u00f3n como pensionado, jubilado o persona con discapacidad, deber\u00e1 presentar la credencial del INAPAM o un certificado de discapacidad emitido por el CRIQ.&nbsp;De esta manera, una vez que est\u00e9 registrado el contribuyente, se le otorgar\u00e1 el beneficio de manera personal, es decir, por persona y no por veh\u00edculo.<\/p>\n\n\n\n<p>De igual manera, para aquellos ciudadanos en general que deseen realizar su pago anticipado, el Gobierno del estado, otorgar\u00e1 un descuento del 30 por ciento para quienes realicen su tr\u00e1mite dentro de los tres primeros meses del a\u00f1o.<\/p>\n\n\n\n<figure class=\"wp-block-image size-large is-resized\"><img loading=\"lazy\" decoding=\"async\" src=\"https:\/\/a3noticias.com.mx\/sandbox\/wp-content\/uploads\/2022\/01\/71_273_35003_1872185103_7E5E2F82-AF94-4093-A41B-16E5422333AB-1-48x90.jpeg\" alt=\"\" class=\"wp-image-17976\" width=\"512\" height=\"960\"\/><\/figure>\n","protected":false},"excerpt":{"rendered":"<p>Personas con discapacidad y empadronados al Instituto Nacional de las Personas Adultas Mayores&nbsp;(INAPAM), obtendr\u00e1n un descuento del 50 por ciento en su tr\u00e1mite de reemplacamiento y refrendo vehicular que deber\u00e1 &hellip; <a href=\"https:\/\/a3noticias.com.mx\/sandbox\/2022\/01\/05\/anuncia-gobierno-50-de-descuento-en-reemplacamiento-y-refrendo-vehicular-a-beneficiarios-inapam-y-personas-con-discapacidad\/\" class=\"more-link\">Leer m\u00e1s<\/a><\/p>\n","protected":false},"author":4,"featured_media":17975,"comment_status":"open","ping_status":"open","sticky":false,"template":"","format":"standard","meta":{"_monsterinsights_skip_tracking":false,"_monsterinsights_sitenote_active":false,"_monsterinsights_sitenote_note":"","_monsterinsights_sitenote_category":0,"footnotes":""},"categories":[2],"tags":[],"class_list":["post-17971","post","type-post","status-publish","format-standard","has-post-thumbnail","hentry","category-qro","entry"],"aioseo_notices":[],"_links":{"self":[{"href":"https:\/\/a3noticias.com.mx\/sandbox\/wp-json\/wp\/v2\/posts\/17971","targetHints":{"allow":["GET"]}}],"collection":[{"href":"https:\/\/a3noticias.com.mx\/sandbox\/wp-json\/wp\/v2\/posts"}],"about":[{"href":"https:\/\/a3noticias.com.mx\/sandbox\/wp-json\/wp\/v2\/types\/post"}],"author":[{"embeddable":true,"href":"https:\/\/a3noticias.com.mx\/sandbox\/wp-json\/wp\/v2\/users\/4"}],"replies":[{"embeddable":true,"href":"https:\/\/a3noticias.com.mx\/sandbox\/wp-json\/wp\/v2\/comments?post=17971"}],"version-history":[{"count":2,"href":"https:\/\/a3noticias.com.mx\/sandbox\/wp-json\/wp\/v2\/posts\/17971\/revisions"}],"predecessor-version":[{"id":17977,"href":"https:\/\/a3noticias.com.mx\/sandbox\/wp-json\/wp\/v2\/posts\/17971\/revisions\/17977"}],"wp:featuredmedia":[{"embeddable":true,"href":"https:\/\/a3noticias.com.mx\/sandbox\/wp-json\/wp\/v2\/media\/17975"}],"wp:attachment":[{"href":"https:\/\/a3noticias.com.mx\/sandbox\/wp-json\/wp\/v2\/media?parent=17971"}],"wp:term":[{"taxonomy":"category","embeddable":true,"href":"https:\/\/a3noticias.com.mx\/sandbox\/wp-json\/wp\/v2\/categories?post=17971"},{"taxonomy":"post_tag","embeddable":true,"href":"https:\/\/a3noticias.com.mx\/sandbox\/wp-json\/wp\/v2\/tags?post=17971"}],"curies":[{"name":"wp","href":"https:\/\/api.w.org\/{rel}","templated":true}]}}