{"id":17989,"date":"2022-01-05T14:18:39","date_gmt":"2022-01-05T20:18:39","guid":{"rendered":"https:\/\/a3noticias.com.mx\/sandbox\/?p=17989"},"modified":"2022-01-05T14:18:41","modified_gmt":"2022-01-05T20:18:41","slug":"rectora-de-la-uaq-da-positivo-a-covid","status":"publish","type":"post","link":"https:\/\/a3noticias.com.mx\/sandbox\/2022\/01\/05\/rectora-de-la-uaq-da-positivo-a-covid\/","title":{"rendered":"Rectora de la UAQ da positivo a Covid"},"content":{"rendered":"\n<p>A trav\u00e9s de un comunicado en sus redes sociales, Teresa Garc\u00eda Gasca, Rectora de la M\u00e1xima Casa de Estudios de la entidad, dio a conocer que tiene Covid-19 leve y que se mantiene aislada.<\/p>\n\n\n\n<p>De acuerdo con Garc\u00eda Gasca, fue el pasado s\u00e1bado primero de enero cuando comenz\u00f3 con s\u00edntomas de resfriado, por lo que acudi\u00f3 a realizarse la prueba de ant\u00edgenos pertinente, misma que result\u00f3 positiva.<\/p>\n\n\n\n<p>La rectora de la UAQ declar\u00f3 que actualmente se encuentra aislada, cursando el quinto d\u00eda de la enfermedad con sintomatolog\u00eda leve, bajo observaci\u00f3n m\u00e9dica.<\/p>\n\n\n\n<p>Asimismo, recalc\u00f3 que contin\u00faa laborando desde casa y que el viernes 7 de enero proceder\u00e1 a realizarse una prueba PCR para saber la evoluci\u00f3n del virus.<\/p>\n\n\n\n<p>Se\u00f1al\u00f3 que avis\u00f3 sobre su contagio a todas las personas con las que tuvo contacto los tres d\u00edas anteriores para que tomaran medidas al respecto y se realizaran la prueba Covid.<\/p>\n\n\n\n<p>Finalmente, inst\u00f3 a la ciudadan\u00eda queretana a que si presentan cualquier s\u00edntoma relacionado con infecci\u00f3n respiratoria, acudan a realizarse una prueba y aislarse para evitar propagar el virus.<\/p>\n","protected":false},"excerpt":{"rendered":"<p>A trav\u00e9s de un comunicado en sus redes sociales, Teresa Garc\u00eda Gasca, Rectora de la M\u00e1xima Casa de Estudios de la entidad, dio a conocer que tiene Covid-19 leve y &hellip; <a href=\"https:\/\/a3noticias.com.mx\/sandbox\/2022\/01\/05\/rectora-de-la-uaq-da-positivo-a-covid\/\" class=\"more-link\">Leer m\u00e1s<\/a><\/p>\n","protected":false},"author":4,"featured_media":17990,"comment_status":"open","ping_status":"open","sticky":false,"template":"","format":"standard","meta":{"_monsterinsights_skip_tracking":false,"_monsterinsights_sitenote_active":false,"_monsterinsights_sitenote_note":"","_monsterinsights_sitenote_category":0,"footnotes":""},"categories":[2],"tags":[],"class_list":["post-17989","post","type-post","status-publish","format-standard","has-post-thumbnail","hentry","category-qro","entry"],"aioseo_notices":[],"_links":{"self":[{"href":"https:\/\/a3noticias.com.mx\/sandbox\/wp-json\/wp\/v2\/posts\/17989","targetHints":{"allow":["GET"]}}],"collection":[{"href":"https:\/\/a3noticias.com.mx\/sandbox\/wp-json\/wp\/v2\/posts"}],"about":[{"href":"https:\/\/a3noticias.com.mx\/sandbox\/wp-json\/wp\/v2\/types\/post"}],"author":[{"embeddable":true,"href":"https:\/\/a3noticias.com.mx\/sandbox\/wp-json\/wp\/v2\/users\/4"}],"replies":[{"embeddable":true,"href":"https:\/\/a3noticias.com.mx\/sandbox\/wp-json\/wp\/v2\/comments?post=17989"}],"version-history":[{"count":1,"href":"https:\/\/a3noticias.com.mx\/sandbox\/wp-json\/wp\/v2\/posts\/17989\/revisions"}],"predecessor-version":[{"id":17991,"href":"https:\/\/a3noticias.com.mx\/sandbox\/wp-json\/wp\/v2\/posts\/17989\/revisions\/17991"}],"wp:featuredmedia":[{"embeddable":true,"href":"https:\/\/a3noticias.com.mx\/sandbox\/wp-json\/wp\/v2\/media\/17990"}],"wp:attachment":[{"href":"https:\/\/a3noticias.com.mx\/sandbox\/wp-json\/wp\/v2\/media?parent=17989"}],"wp:term":[{"taxonomy":"category","embeddable":true,"href":"https:\/\/a3noticias.com.mx\/sandbox\/wp-json\/wp\/v2\/categories?post=17989"},{"taxonomy":"post_tag","embeddable":true,"href":"https:\/\/a3noticias.com.mx\/sandbox\/wp-json\/wp\/v2\/tags?post=17989"}],"curies":[{"name":"wp","href":"https:\/\/api.w.org\/{rel}","templated":true}]}}