{"id":17992,"date":"2022-01-05T14:26:24","date_gmt":"2022-01-05T20:26:24","guid":{"rendered":"https:\/\/a3noticias.com.mx\/sandbox\/?p=17992"},"modified":"2022-01-05T14:26:26","modified_gmt":"2022-01-05T20:26:26","slug":"empadronamiento-para-beneficiarios-de-tarifa-de-2-da-inicio","status":"publish","type":"post","link":"https:\/\/a3noticias.com.mx\/sandbox\/2022\/01\/05\/empadronamiento-para-beneficiarios-de-tarifa-de-2-da-inicio\/","title":{"rendered":"Empadronamiento para beneficiarios de tarifa de $2 da inicio."},"content":{"rendered":"\n<p>El gobierno de Quer\u00e9taro anunci\u00f3 que a partir de ma\u00f1ana inicia el empadronamiento y refrendo de beneficiarios de la tarifa de QroB\u00fas de $2, es decir que este seis de enero se abre la convocatoria para acceder a esta tarifa en el transporte p\u00fablico.&nbsp;<\/p>\n\n\n\n<p>Cabe resaltar que adultos mayores y personas con alguna discapacidad que ya cuentan con este beneficio ya no realizar\u00e1n ning\u00fan tr\u00e1mite, mientras que los estudiantes s\u00ed tienen que hacer el refrendo.<\/p>\n\n\n\n<p>Mauricio Kuri Gonz\u00e1lez, convoc\u00f3 a las y los usuarios presentes a registrarse como beneficiarios.<\/p>\n\n\n\n<p>&nbsp;Los adultos mayores, estudiantes de escuelas p\u00fablicas o personas con alguna discapacidad, deben contar o en su caso tramitar la tarjeta preferente ante el Instituto Queretano del Transporte (IQT); posteriormente ingresar y registrarse en la p\u00e1gina https:\/\/programas.queretaro.gob.mx; generar un usuario y contrase\u00f1a; y despu\u00e9s la Sedesoq validar\u00e1 que se cumplan los criterios establecidos en las reglas de operaci\u00f3n; una vez validados recibir\u00e1n despu\u00e9s de 3 d\u00edas un mensaje de texto o un correo electr\u00f3nico donde se les avisar\u00e1 que ya son parte del programa. Para hacer el tr\u00e1mite de manera presencial, lo podr\u00e1n hacer en el Centro Cultural Manuel G\u00f3mez Mor\u00edn, donde se habilitar\u00e1n m\u00f3dulos de atenci\u00f3n.&nbsp;<\/p>\n\n\n\n<p>La convocatoria se cierra el pr\u00f3ximo 30 de enero y se espera que sean&nbsp; hasta 300 mil usuarios preferentes los que se vean beneficiados con la tarifa.&nbsp;<\/p>\n\n\n\n<p><\/p>\n","protected":false},"excerpt":{"rendered":"<p>El gobierno de Quer\u00e9taro anunci\u00f3 que a partir de ma\u00f1ana inicia el empadronamiento y refrendo de beneficiarios de la tarifa de QroB\u00fas de $2, es decir que este seis de &hellip; <a href=\"https:\/\/a3noticias.com.mx\/sandbox\/2022\/01\/05\/empadronamiento-para-beneficiarios-de-tarifa-de-2-da-inicio\/\" class=\"more-link\">Leer m\u00e1s<\/a><\/p>\n","protected":false},"author":2,"featured_media":17326,"comment_status":"open","ping_status":"open","sticky":false,"template":"","format":"standard","meta":{"_monsterinsights_skip_tracking":false,"_monsterinsights_sitenote_active":false,"_monsterinsights_sitenote_note":"","_monsterinsights_sitenote_category":0,"footnotes":""},"categories":[2],"tags":[],"class_list":["post-17992","post","type-post","status-publish","format-standard","has-post-thumbnail","hentry","category-qro","entry"],"aioseo_notices":[],"_links":{"self":[{"href":"https:\/\/a3noticias.com.mx\/sandbox\/wp-json\/wp\/v2\/posts\/17992","targetHints":{"allow":["GET"]}}],"collection":[{"href":"https:\/\/a3noticias.com.mx\/sandbox\/wp-json\/wp\/v2\/posts"}],"about":[{"href":"https:\/\/a3noticias.com.mx\/sandbox\/wp-json\/wp\/v2\/types\/post"}],"author":[{"embeddable":true,"href":"https:\/\/a3noticias.com.mx\/sandbox\/wp-json\/wp\/v2\/users\/2"}],"replies":[{"embeddable":true,"href":"https:\/\/a3noticias.com.mx\/sandbox\/wp-json\/wp\/v2\/comments?post=17992"}],"version-history":[{"count":1,"href":"https:\/\/a3noticias.com.mx\/sandbox\/wp-json\/wp\/v2\/posts\/17992\/revisions"}],"predecessor-version":[{"id":17993,"href":"https:\/\/a3noticias.com.mx\/sandbox\/wp-json\/wp\/v2\/posts\/17992\/revisions\/17993"}],"wp:featuredmedia":[{"embeddable":true,"href":"https:\/\/a3noticias.com.mx\/sandbox\/wp-json\/wp\/v2\/media\/17326"}],"wp:attachment":[{"href":"https:\/\/a3noticias.com.mx\/sandbox\/wp-json\/wp\/v2\/media?parent=17992"}],"wp:term":[{"taxonomy":"category","embeddable":true,"href":"https:\/\/a3noticias.com.mx\/sandbox\/wp-json\/wp\/v2\/categories?post=17992"},{"taxonomy":"post_tag","embeddable":true,"href":"https:\/\/a3noticias.com.mx\/sandbox\/wp-json\/wp\/v2\/tags?post=17992"}],"curies":[{"name":"wp","href":"https:\/\/api.w.org\/{rel}","templated":true}]}}