{"id":18000,"date":"2022-01-05T16:46:51","date_gmt":"2022-01-05T22:46:51","guid":{"rendered":"https:\/\/a3noticias.com.mx\/sandbox\/?p=18000"},"modified":"2022-01-05T16:46:52","modified_gmt":"2022-01-05T22:46:52","slug":"mauricio-kuri-descarta-dar-marcha-atras-al-reemplacamiento","status":"publish","type":"post","link":"https:\/\/a3noticias.com.mx\/sandbox\/2022\/01\/05\/mauricio-kuri-descarta-dar-marcha-atras-al-reemplacamiento\/","title":{"rendered":"Mauricio Kuri descarta dar marcha atr\u00e1s al reemplacamiento"},"content":{"rendered":"\n<p>El gobernador de Quer\u00e9taro, Mauricio Kuri Gonz\u00e1lez, descart\u00f3 que se d\u00e9 marcha atr\u00e1s al reemplacamiento vehicular que se estableci\u00f3 para este 2022 como obligatorio para todos los veh\u00edculos que circulan en el estado.<\/p>\n\n\n\n<p>El mandatario estatal adem\u00e1s asegur\u00f3 que esta ser\u00e1 la \u00fanica ocasi\u00f3n en el sexenio en que se lleve a cabo esta acci\u00f3n, adem\u00e1s de considerar que es necesario pues se est\u00e1n proponiendo elementos de seguridad para las nuevas placas.<\/p>\n\n\n\n<blockquote class=\"wp-block-quote is-style-large is-layout-flow wp-block-quote-is-layout-flow\"><p>\u201cHay otros estados en los que tal vez valga menos, pero habr\u00e1 que ver con que calidad va la placa y habr\u00e1 que ver cada cuando hace el reemplacamiento, nosotros con este reemplacamiento habr\u00e1 que ver que pase muchos a\u00f1os\u201d, dijo.<\/p><\/blockquote>\n\n\n\n<p>Adem\u00e1s, record\u00f3 que esta medida no se hab\u00eda considerado desde hace 13 a\u00f1os que se dio el \u00faltimo reemplacamiento en la entidad, por lo que esta nueva medida dar\u00e1 certeza jur\u00eddica a los automovilistas.<\/p>\n\n\n\n<blockquote class=\"wp-block-quote is-style-large is-layout-flow wp-block-quote-is-layout-flow\"><p>\u201cA nadie nos gusta pagar impuestos, es m\u00e1s es horrible pagar impuestos, toda mi vida he pagado impuestos y toda mi vida se siente feo porque es parte del trabajo, y por eso le llaman impuestos, porque nos lo imponen\u201d, agreg\u00f3.\u00a0<\/p><\/blockquote>\n\n\n\n<p>Pese a las protestas que se han generado en contra de esta medida, donde han acusado al gobierno estatal de implementar esta acci\u00f3n como una medida meramente recaudatoria, el mandatario asegur\u00f3 que siempre har\u00e1 lo que es mejor para Quer\u00e9taro.<\/p>\n\n\n\n<blockquote class=\"wp-block-quote is-style-large is-layout-flow wp-block-quote-is-layout-flow\"><p>\u201cLos queretanos me podr\u00e1n se\u00f1alar por hacer, nunca para dejar de hacer, y para hacer necesitamos este tipo de acciones que nos llevan al orden y a una seguridad jur\u00eddica\u201d, dijo.<\/p><\/blockquote>\n","protected":false},"excerpt":{"rendered":"<p>El gobernador de Quer\u00e9taro, Mauricio Kuri Gonz\u00e1lez, descart\u00f3 que se d\u00e9 marcha atr\u00e1s al reemplacamiento vehicular que se estableci\u00f3 para este 2022 como obligatorio para todos los veh\u00edculos que circulan &hellip; <a href=\"https:\/\/a3noticias.com.mx\/sandbox\/2022\/01\/05\/mauricio-kuri-descarta-dar-marcha-atras-al-reemplacamiento\/\" class=\"more-link\">Leer m\u00e1s<\/a><\/p>\n","protected":false},"author":4,"featured_media":18001,"comment_status":"open","ping_status":"open","sticky":false,"template":"","format":"standard","meta":{"_monsterinsights_skip_tracking":false,"_monsterinsights_sitenote_active":false,"_monsterinsights_sitenote_note":"","_monsterinsights_sitenote_category":0,"footnotes":""},"categories":[2],"tags":[],"class_list":["post-18000","post","type-post","status-publish","format-standard","has-post-thumbnail","hentry","category-qro","entry"],"aioseo_notices":[],"_links":{"self":[{"href":"https:\/\/a3noticias.com.mx\/sandbox\/wp-json\/wp\/v2\/posts\/18000","targetHints":{"allow":["GET"]}}],"collection":[{"href":"https:\/\/a3noticias.com.mx\/sandbox\/wp-json\/wp\/v2\/posts"}],"about":[{"href":"https:\/\/a3noticias.com.mx\/sandbox\/wp-json\/wp\/v2\/types\/post"}],"author":[{"embeddable":true,"href":"https:\/\/a3noticias.com.mx\/sandbox\/wp-json\/wp\/v2\/users\/4"}],"replies":[{"embeddable":true,"href":"https:\/\/a3noticias.com.mx\/sandbox\/wp-json\/wp\/v2\/comments?post=18000"}],"version-history":[{"count":1,"href":"https:\/\/a3noticias.com.mx\/sandbox\/wp-json\/wp\/v2\/posts\/18000\/revisions"}],"predecessor-version":[{"id":18002,"href":"https:\/\/a3noticias.com.mx\/sandbox\/wp-json\/wp\/v2\/posts\/18000\/revisions\/18002"}],"wp:featuredmedia":[{"embeddable":true,"href":"https:\/\/a3noticias.com.mx\/sandbox\/wp-json\/wp\/v2\/media\/18001"}],"wp:attachment":[{"href":"https:\/\/a3noticias.com.mx\/sandbox\/wp-json\/wp\/v2\/media?parent=18000"}],"wp:term":[{"taxonomy":"category","embeddable":true,"href":"https:\/\/a3noticias.com.mx\/sandbox\/wp-json\/wp\/v2\/categories?post=18000"},{"taxonomy":"post_tag","embeddable":true,"href":"https:\/\/a3noticias.com.mx\/sandbox\/wp-json\/wp\/v2\/tags?post=18000"}],"curies":[{"name":"wp","href":"https:\/\/api.w.org\/{rel}","templated":true}]}}