{"id":18007,"date":"2022-01-06T09:50:40","date_gmt":"2022-01-06T15:50:40","guid":{"rendered":"https:\/\/a3noticias.com.mx\/sandbox\/?p=18007"},"modified":"2022-01-06T09:50:42","modified_gmt":"2022-01-06T15:50:42","slug":"inflacion-y-carestia-no-se-comera-los-incrementos-al-salario-minimo-amlo","status":"publish","type":"post","link":"https:\/\/a3noticias.com.mx\/sandbox\/2022\/01\/06\/inflacion-y-carestia-no-se-comera-los-incrementos-al-salario-minimo-amlo\/","title":{"rendered":"Inflaci\u00f3n y carest\u00eda no se comer\u00e1 los incrementos al salario m\u00ednimo: AMLO."},"content":{"rendered":"\n<p>El presidente, Andr\u00e9s Manuel L\u00f3pez Obrador, se\u00f1al\u00f3 que en lo que va de su sexenio el peso no se ha depreciado, as\u00ed mismo, destac\u00f3 que en los \u00faltimos tres a\u00f1os la Bolsa Mexicana de Valores ha crecido un 27.7 por ciento, por lo que resalt\u00f3 que tal recuperaci\u00f3n econ\u00f3mica no se ve\u00eda desde hace mucho tiempo en el pa\u00eds.<\/p>\n\n\n\n<blockquote class=\"wp-block-quote is-layout-flow wp-block-quote-is-layout-flow\"><p>\u00a0\u201cEs bastante alentador, porque se cay\u00f3 con la pandemia, pero ya se logr\u00f3 una recuperaci\u00f3n y como resultado ha habido un incremento del 27.7 por ciento en el tiempo que llevamos. Esto es el tipo de cambio, la moneda, el peso, lo mismo: con la pandemia se nos fue a m\u00e1s de 25 pesos por d\u00f3lar, y ya se logr\u00f3 bajar\u201d.<\/p><\/blockquote>\n\n\n\n<p>El jefe del Ejecutivo federal admiti\u00f3 que la inflaci\u00f3n ha sido m\u00e1s alta que en administraciones previas&nbsp; y que esto se trata de un desaf\u00edo. Sin embargo, atribuy\u00f3 que este incremento en los precios se dio debido a la crisis derivada de la pandemia de covid-19, por lo que espera que sea pasajero.<\/p>\n\n\n\n<blockquote class=\"wp-block-quote is-layout-flow wp-block-quote-is-layout-flow\"><p>\u00a0\u201cEste es nuestro desaf\u00edo, en los \u00faltimos tiempos se nos subi\u00f3 la inflaci\u00f3n m\u00e1s que en lo m\u00e1s alto de Pe\u00f1a, estamos en 7.37, esto es un fen\u00f3meno externo. (\u2026) Espero que sea transitorio, dependen de muchos factores que se originaron con la pandemia, toda la afectaci\u00f3n a la actividad productiva, los incrementos de precios\u201d, explic\u00f3.\u00a0<\/p><\/blockquote>\n\n\n\n<p>Sin embargo, el mandatario federal dijo que la inflaci\u00f3n y la carest\u00eda no se ha comido ni se comer\u00e1 los incrementos al salario m\u00ednimo logrados en los primeros tres a\u00f1os de su administraci\u00f3n. Asegur\u00f3 que el deterioro de los minisalarios s\u00f3lo ocurr\u00eda durante el periodo neoliberal, en el que la inflaci\u00f3n siempre estaba por encima del m\u00ednimo.&nbsp;<\/p>\n\n\n\n<blockquote class=\"wp-block-quote is-layout-flow wp-block-quote-is-layout-flow\"><p>\u201cSi damos a conocer que tenemos inflaci\u00f3n y un comportamiento de precios en b\u00e1sicos, pues no estamos viendo que haya deterioro, no se ha comido la carest\u00eda el incremento al salario m\u00ednimo. S\u00ed, desde luego que la inflaci\u00f3n, la carest\u00eda afecta, pero como nunca en la historia reciente se hab\u00eda aumentado tanto el salario m\u00ednimo por eso no se lo ha comido\u201d,\u00a0<\/p><\/blockquote>\n","protected":false},"excerpt":{"rendered":"<p>El presidente, Andr\u00e9s Manuel L\u00f3pez Obrador, se\u00f1al\u00f3 que en lo que va de su sexenio el peso no se ha depreciado, as\u00ed mismo, destac\u00f3 que en los \u00faltimos tres a\u00f1os &hellip; <a href=\"https:\/\/a3noticias.com.mx\/sandbox\/2022\/01\/06\/inflacion-y-carestia-no-se-comera-los-incrementos-al-salario-minimo-amlo\/\" class=\"more-link\">Leer m\u00e1s<\/a><\/p>\n","protected":false},"author":2,"featured_media":18008,"comment_status":"open","ping_status":"open","sticky":false,"template":"","format":"standard","meta":{"_monsterinsights_skip_tracking":false,"_monsterinsights_sitenote_active":false,"_monsterinsights_sitenote_note":"","_monsterinsights_sitenote_category":0,"footnotes":""},"categories":[3],"tags":[],"class_list":["post-18007","post","type-post","status-publish","format-standard","has-post-thumbnail","hentry","category-nal","entry"],"aioseo_notices":[],"_links":{"self":[{"href":"https:\/\/a3noticias.com.mx\/sandbox\/wp-json\/wp\/v2\/posts\/18007","targetHints":{"allow":["GET"]}}],"collection":[{"href":"https:\/\/a3noticias.com.mx\/sandbox\/wp-json\/wp\/v2\/posts"}],"about":[{"href":"https:\/\/a3noticias.com.mx\/sandbox\/wp-json\/wp\/v2\/types\/post"}],"author":[{"embeddable":true,"href":"https:\/\/a3noticias.com.mx\/sandbox\/wp-json\/wp\/v2\/users\/2"}],"replies":[{"embeddable":true,"href":"https:\/\/a3noticias.com.mx\/sandbox\/wp-json\/wp\/v2\/comments?post=18007"}],"version-history":[{"count":1,"href":"https:\/\/a3noticias.com.mx\/sandbox\/wp-json\/wp\/v2\/posts\/18007\/revisions"}],"predecessor-version":[{"id":18009,"href":"https:\/\/a3noticias.com.mx\/sandbox\/wp-json\/wp\/v2\/posts\/18007\/revisions\/18009"}],"wp:featuredmedia":[{"embeddable":true,"href":"https:\/\/a3noticias.com.mx\/sandbox\/wp-json\/wp\/v2\/media\/18008"}],"wp:attachment":[{"href":"https:\/\/a3noticias.com.mx\/sandbox\/wp-json\/wp\/v2\/media?parent=18007"}],"wp:term":[{"taxonomy":"category","embeddable":true,"href":"https:\/\/a3noticias.com.mx\/sandbox\/wp-json\/wp\/v2\/categories?post=18007"},{"taxonomy":"post_tag","embeddable":true,"href":"https:\/\/a3noticias.com.mx\/sandbox\/wp-json\/wp\/v2\/tags?post=18007"}],"curies":[{"name":"wp","href":"https:\/\/api.w.org\/{rel}","templated":true}]}}