{"id":18021,"date":"2022-01-06T13:15:07","date_gmt":"2022-01-06T19:15:07","guid":{"rendered":"https:\/\/a3noticias.com.mx\/sandbox\/?p=18021"},"modified":"2022-01-06T13:15:09","modified_gmt":"2022-01-06T19:15:09","slug":"aulas-cocina-seran-fortalecidas-este-ano-dif-estatal","status":"publish","type":"post","link":"https:\/\/a3noticias.com.mx\/sandbox\/2022\/01\/06\/aulas-cocina-seran-fortalecidas-este-ano-dif-estatal\/","title":{"rendered":"Aulas-cocina ser\u00e1n fortalecidas este a\u00f1o: DIF estatal."},"content":{"rendered":"\n<p>\u00d3scar Adri\u00e1n G\u00f3mez, director del Desarrollo Integral de la Familia (DIF), dijo que durante el 2022 se fortalecer\u00e1n las m\u00e1s de mil aulas-cocina en el estado, pues a causa de la pandemia por covid-19 fueron abandonadas y a ra\u00edz del regreso a clases presenciales se buscar\u00e1 su reactivaci\u00f3n.&nbsp;<\/p>\n\n\n\n<blockquote class=\"wp-block-quote is-layout-flow wp-block-quote-is-layout-flow\"><p>\u201cNosotros estamos corriendo para desarrollar toda esta parte administrativa en el mes de enero y tratar de tener condiciones en el mes de febrero\u201d.\u00a0<\/p><\/blockquote>\n\n\n\n<p>Es de resaltar que se trata de un programa federal, por lo que el DIF estatal pretende reforzar para este a\u00f1o, cuyas aulas se ubican en las comunidades m\u00e1s necesitadas-&nbsp;<\/p>\n\n\n\n<p>Aclar\u00f3 que a\u00fan no tienen una inversi\u00f3n estimada para la rehabilitaci\u00f3n, y que para ello los sistemas municipales har\u00e1n la evaluaci\u00f3n correspondiente.&nbsp;<\/p>\n","protected":false},"excerpt":{"rendered":"<p>\u00d3scar Adri\u00e1n G\u00f3mez, director del Desarrollo Integral de la Familia (DIF), dijo que durante el 2022 se fortalecer\u00e1n las m\u00e1s de mil aulas-cocina en el estado, pues a causa de &hellip; <a href=\"https:\/\/a3noticias.com.mx\/sandbox\/2022\/01\/06\/aulas-cocina-seran-fortalecidas-este-ano-dif-estatal\/\" class=\"more-link\">Leer m\u00e1s<\/a><\/p>\n","protected":false},"author":2,"featured_media":18022,"comment_status":"open","ping_status":"open","sticky":false,"template":"","format":"standard","meta":{"_monsterinsights_skip_tracking":false,"_monsterinsights_sitenote_active":false,"_monsterinsights_sitenote_note":"","_monsterinsights_sitenote_category":0,"footnotes":""},"categories":[2],"tags":[],"class_list":["post-18021","post","type-post","status-publish","format-standard","has-post-thumbnail","hentry","category-qro","entry"],"aioseo_notices":[],"_links":{"self":[{"href":"https:\/\/a3noticias.com.mx\/sandbox\/wp-json\/wp\/v2\/posts\/18021","targetHints":{"allow":["GET"]}}],"collection":[{"href":"https:\/\/a3noticias.com.mx\/sandbox\/wp-json\/wp\/v2\/posts"}],"about":[{"href":"https:\/\/a3noticias.com.mx\/sandbox\/wp-json\/wp\/v2\/types\/post"}],"author":[{"embeddable":true,"href":"https:\/\/a3noticias.com.mx\/sandbox\/wp-json\/wp\/v2\/users\/2"}],"replies":[{"embeddable":true,"href":"https:\/\/a3noticias.com.mx\/sandbox\/wp-json\/wp\/v2\/comments?post=18021"}],"version-history":[{"count":1,"href":"https:\/\/a3noticias.com.mx\/sandbox\/wp-json\/wp\/v2\/posts\/18021\/revisions"}],"predecessor-version":[{"id":18023,"href":"https:\/\/a3noticias.com.mx\/sandbox\/wp-json\/wp\/v2\/posts\/18021\/revisions\/18023"}],"wp:featuredmedia":[{"embeddable":true,"href":"https:\/\/a3noticias.com.mx\/sandbox\/wp-json\/wp\/v2\/media\/18022"}],"wp:attachment":[{"href":"https:\/\/a3noticias.com.mx\/sandbox\/wp-json\/wp\/v2\/media?parent=18021"}],"wp:term":[{"taxonomy":"category","embeddable":true,"href":"https:\/\/a3noticias.com.mx\/sandbox\/wp-json\/wp\/v2\/categories?post=18021"},{"taxonomy":"post_tag","embeddable":true,"href":"https:\/\/a3noticias.com.mx\/sandbox\/wp-json\/wp\/v2\/tags?post=18021"}],"curies":[{"name":"wp","href":"https:\/\/api.w.org\/{rel}","templated":true}]}}