{"id":18032,"date":"2022-01-06T22:33:43","date_gmt":"2022-01-07T04:33:43","guid":{"rendered":"https:\/\/a3noticias.com.mx\/sandbox\/?p=18032"},"modified":"2022-01-06T22:33:46","modified_gmt":"2022-01-07T04:33:46","slug":"queretaro-no-registra-muertes-por-covid-19-por-segundo-dia-consecutivo","status":"publish","type":"post","link":"https:\/\/a3noticias.com.mx\/sandbox\/2022\/01\/06\/queretaro-no-registra-muertes-por-covid-19-por-segundo-dia-consecutivo\/","title":{"rendered":"Quer\u00e9taro no registra muertes por Covid-19 por segundo d\u00eda consecutivo"},"content":{"rendered":"\n<p>La Secretar\u00eda de Salud de Quer\u00e9taro report\u00f3 este jueves cero defunciones por Covid-19, aunque se sumaron 76 casos de la enfermedad; se trata de 45 mujeres y 31 hombres.<\/p>\n\n\n\n<p>El registro acumulado es de 101 mil 94 casos; de los cuales, 51% son mujeres y 49% son hombres.<\/p>\n\n\n\n<p>Mientras que tambi\u00e9n se dio de alta sanitaria a 137 pacientes, con lo que se tiene un registro de 94 mil 644 altas (93.61%).<\/p>\n\n\n\n<p>Con sintomatolog\u00eda leve, aislamiento y manejo en su domicilio hay 286 pacientes y 47 hospitalizados, 17 de los cuales se encuentran graves. Se han registrado seis mil 117 defunciones.<\/p>\n\n\n\n<p>Con relaci\u00f3n a la disponibilidad de camas de hospitalizaci\u00f3n general y con ventilador, con informaci\u00f3n de este 5 de enero, se tiene una ocupaci\u00f3n de 11 por ciento, con base en la Red Negativa de Infecciones Respiratorias Agudas (IRAG).<\/p>\n\n\n\n<p>En Quer\u00e9taro se registra 5 por ciento de ocupaci\u00f3n de camas con ventilador y 16 por ciento en camas sin ventilador.<\/p>\n\n\n\n<p>Se exhorta a la poblaci\u00f3n a no automedicarse y, para prevenir la transmisi\u00f3n, lavarse las manos de manera frecuente con agua y jab\u00f3n o utilizar soluciones alcoholadas a 70%, usar cubreboca al salir de casa y mantener sana distancia entre personas (de 1.5 a dos metros).<\/p>\n\n\n\n<p>Asimismo, a quedarse en casa cuando se tienen enfermedades respiratorias y comunicarse al\u00a0<em>call center<\/em>\u00a0estatal 4421015205, para recibir orientaci\u00f3n m\u00e9dica si se presenta alguno de los s\u00edntomas o signos como: dificultad para respirar (dato de gravedad), fiebre (mayor a 38 grados), dolor de cabeza, tos, dolor de garganta, escurrimiento nasal, dolor de pecho, alteraci\u00f3n del olfato o del sentido del gusto.<\/p>\n\n\n\n<figure class=\"wp-block-image size-full\"><img loading=\"lazy\" decoding=\"async\" width=\"1280\" height=\"720\" src=\"https:\/\/a3noticias.com.mx\/sandbox\/wp-content\/uploads\/2022\/01\/71_273_35022_166314699_photo1641523591.jpeg\" alt=\"\" class=\"wp-image-18033\" srcset=\"https:\/\/a3noticias.com.mx\/sandbox\/wp-content\/uploads\/2022\/01\/71_273_35022_166314699_photo1641523591.jpeg 1280w, https:\/\/a3noticias.com.mx\/sandbox\/wp-content\/uploads\/2022\/01\/71_273_35022_166314699_photo1641523591-300x169.jpeg 300w, https:\/\/a3noticias.com.mx\/sandbox\/wp-content\/uploads\/2022\/01\/71_273_35022_166314699_photo1641523591-160x90.jpeg 160w, https:\/\/a3noticias.com.mx\/sandbox\/wp-content\/uploads\/2022\/01\/71_273_35022_166314699_photo1641523591-768x432.jpeg 768w\" sizes=\"auto, (max-width: 1280px) 100vw, 1280px\" \/><\/figure>\n\n\n\n<p><\/p>\n","protected":false},"excerpt":{"rendered":"<p>La Secretar\u00eda de Salud de Quer\u00e9taro report\u00f3 este jueves cero defunciones por Covid-19, aunque se sumaron 76 casos de la enfermedad; se trata de 45 mujeres y 31 hombres. El &hellip; <a href=\"https:\/\/a3noticias.com.mx\/sandbox\/2022\/01\/06\/queretaro-no-registra-muertes-por-covid-19-por-segundo-dia-consecutivo\/\" class=\"more-link\">Leer m\u00e1s<\/a><\/p>\n","protected":false},"author":4,"featured_media":18035,"comment_status":"open","ping_status":"open","sticky":false,"template":"","format":"standard","meta":{"_monsterinsights_skip_tracking":false,"_monsterinsights_sitenote_active":false,"_monsterinsights_sitenote_note":"","_monsterinsights_sitenote_category":0,"footnotes":""},"categories":[2],"tags":[],"class_list":["post-18032","post","type-post","status-publish","format-standard","has-post-thumbnail","hentry","category-qro","entry"],"aioseo_notices":[],"_links":{"self":[{"href":"https:\/\/a3noticias.com.mx\/sandbox\/wp-json\/wp\/v2\/posts\/18032","targetHints":{"allow":["GET"]}}],"collection":[{"href":"https:\/\/a3noticias.com.mx\/sandbox\/wp-json\/wp\/v2\/posts"}],"about":[{"href":"https:\/\/a3noticias.com.mx\/sandbox\/wp-json\/wp\/v2\/types\/post"}],"author":[{"embeddable":true,"href":"https:\/\/a3noticias.com.mx\/sandbox\/wp-json\/wp\/v2\/users\/4"}],"replies":[{"embeddable":true,"href":"https:\/\/a3noticias.com.mx\/sandbox\/wp-json\/wp\/v2\/comments?post=18032"}],"version-history":[{"count":1,"href":"https:\/\/a3noticias.com.mx\/sandbox\/wp-json\/wp\/v2\/posts\/18032\/revisions"}],"predecessor-version":[{"id":18036,"href":"https:\/\/a3noticias.com.mx\/sandbox\/wp-json\/wp\/v2\/posts\/18032\/revisions\/18036"}],"wp:featuredmedia":[{"embeddable":true,"href":"https:\/\/a3noticias.com.mx\/sandbox\/wp-json\/wp\/v2\/media\/18035"}],"wp:attachment":[{"href":"https:\/\/a3noticias.com.mx\/sandbox\/wp-json\/wp\/v2\/media?parent=18032"}],"wp:term":[{"taxonomy":"category","embeddable":true,"href":"https:\/\/a3noticias.com.mx\/sandbox\/wp-json\/wp\/v2\/categories?post=18032"},{"taxonomy":"post_tag","embeddable":true,"href":"https:\/\/a3noticias.com.mx\/sandbox\/wp-json\/wp\/v2\/tags?post=18032"}],"curies":[{"name":"wp","href":"https:\/\/api.w.org\/{rel}","templated":true}]}}