{"id":18037,"date":"2022-01-07T09:47:25","date_gmt":"2022-01-07T15:47:25","guid":{"rendered":"https:\/\/a3noticias.com.mx\/sandbox\/?p=18037"},"modified":"2022-01-07T09:47:27","modified_gmt":"2022-01-07T15:47:27","slug":"gobierno-federal-recibe-propuesta-para-intercambiar-avion-presidencial-por-helicopteros","status":"publish","type":"post","link":"https:\/\/a3noticias.com.mx\/sandbox\/2022\/01\/07\/gobierno-federal-recibe-propuesta-para-intercambiar-avion-presidencial-por-helicopteros\/","title":{"rendered":"Gobierno federal recibe propuesta para intercambiar avi\u00f3n presidencial por helic\u00f3pteros."},"content":{"rendered":"\n<p>El presidente Andr\u00e9s Manuel L\u00f3pez Obrador, mencion\u00f3 que recibi\u00f3 una propuesta, por parte de una empresa, para intercambiar el avi\u00f3n presidencial por helic\u00f3pteros.<\/p>\n\n\n\n<p>El mandatario explic\u00f3 que el avi\u00f3n presidencial no ha podido ser vendido, pues fue hecho especialmente para las administraciones pasadas, por lo que no es una aeronave \u201cest\u00e1ndar, sino un avi\u00f3n arreglado para viajes de personalidades\u201d.&nbsp;<\/p>\n\n\n\n<blockquote class=\"wp-block-quote is-layout-flow wp-block-quote-is-layout-flow\"><p>\u201cPuede trasladar hasta 240 pasajeros, hay un avi\u00f3n con esas caracter\u00edsticas en Aerom\u00e9xico, que tienen vuelos a Europa, pero este avi\u00f3n s\u00f3lo tiene 80 espacios porque tiene oficina, tiene m\u00e1s amplitud para todo, tiene una rec\u00e1mara, tiene ba\u00f1o\u201d.<\/p><\/blockquote>\n\n\n\n<p>Respecto a la propuesta de intercambiar el avi\u00f3n presidencial por&nbsp; helic\u00f3pteros, el jefe del Ejecutivo se\u00f1al\u00f3 que estos podr\u00edan ser utilizados para atender incendios forestales.<\/p>\n\n\n\n<blockquote class=\"wp-block-quote is-layout-flow wp-block-quote-is-layout-flow\"><p>\u00a0\u00abHay propuestas de empresas que quieren intercambiar, la \u00faltima empresa, unos helic\u00f3pteros por el avi\u00f3n, incluso son helic\u00f3pteros que podr\u00edan utilizarse para atender incendios forestales, estamos analizando esa posibilidad, siempre y cuando el avi\u00f3n se acepte al precio de aval\u00fao\u00bb,\u00a0<\/p><\/blockquote>\n\n\n\n<p>Agreg\u00f3 que hay otra opci\u00f3n que consiste en entregar la aeronave de lujo a la empresa creada por la Secretar\u00eda de la Defensa Nacional (Sedena) para administrar los aeropuertos de Santa Luc\u00eda y Tulum para que sea rentado.<\/p>\n\n\n\n<blockquote class=\"wp-block-quote is-layout-flow wp-block-quote-is-layout-flow\"><p>\u00a0\u00abHay que hacer cuentas para que se pueda tomar esta decisi\u00f3n, esto ser\u00eda para viajes de la Ciudad de M\u00e9xico a Tulum, al nuevo aeropuerto, a Canc\u00fan y a Los Cabos. Porque esa es la otra situaci\u00f3n, el avi\u00f3n para utilizarlo de manera adecuada requiere volar en promedio cuatro o cinco horas\u00bb.<\/p><\/blockquote>\n\n\n\n<p>&nbsp;Explic\u00f3 que el avi\u00f3n presidencial se utilizar\u00eda para viajes largos, ya que est\u00e1 hecho para volar m\u00ednimo cinco horas, lo que implica visitas al extranjero.&nbsp;<\/p>\n\n\n\n<blockquote class=\"wp-block-quote is-layout-flow wp-block-quote-is-layout-flow\"><p>\u201cNo es para despegar aqu\u00ed y bajar en Tuxtla Guti\u00e9rrez o Villahermosa, Guanajuato, Guadalajara, no porque es muy costoso y no se recomienda, es para viajes largos. Entonces imag\u00ednense el presidente de M\u00e9xico que tiene un avi\u00f3n que solo en sentido estricto t\u00e9cnico podr\u00eda utilizar para viajar fuera del territorio, porque si hablamos de cinco horas tiene que ser ya otro pa\u00eds. Ni modo que va a tener un avi\u00f3n solo para ir al extranjero\u201d.<\/p><\/blockquote>\n","protected":false},"excerpt":{"rendered":"<p>El presidente Andr\u00e9s Manuel L\u00f3pez Obrador, mencion\u00f3 que recibi\u00f3 una propuesta, por parte de una empresa, para intercambiar el avi\u00f3n presidencial por helic\u00f3pteros. El mandatario explic\u00f3 que el avi\u00f3n presidencial &hellip; <a href=\"https:\/\/a3noticias.com.mx\/sandbox\/2022\/01\/07\/gobierno-federal-recibe-propuesta-para-intercambiar-avion-presidencial-por-helicopteros\/\" class=\"more-link\">Leer m\u00e1s<\/a><\/p>\n","protected":false},"author":2,"featured_media":18038,"comment_status":"open","ping_status":"open","sticky":false,"template":"","format":"standard","meta":{"_monsterinsights_skip_tracking":false,"_monsterinsights_sitenote_active":false,"_monsterinsights_sitenote_note":"","_monsterinsights_sitenote_category":0,"footnotes":""},"categories":[3],"tags":[],"class_list":["post-18037","post","type-post","status-publish","format-standard","has-post-thumbnail","hentry","category-nal","entry"],"aioseo_notices":[],"_links":{"self":[{"href":"https:\/\/a3noticias.com.mx\/sandbox\/wp-json\/wp\/v2\/posts\/18037","targetHints":{"allow":["GET"]}}],"collection":[{"href":"https:\/\/a3noticias.com.mx\/sandbox\/wp-json\/wp\/v2\/posts"}],"about":[{"href":"https:\/\/a3noticias.com.mx\/sandbox\/wp-json\/wp\/v2\/types\/post"}],"author":[{"embeddable":true,"href":"https:\/\/a3noticias.com.mx\/sandbox\/wp-json\/wp\/v2\/users\/2"}],"replies":[{"embeddable":true,"href":"https:\/\/a3noticias.com.mx\/sandbox\/wp-json\/wp\/v2\/comments?post=18037"}],"version-history":[{"count":1,"href":"https:\/\/a3noticias.com.mx\/sandbox\/wp-json\/wp\/v2\/posts\/18037\/revisions"}],"predecessor-version":[{"id":18039,"href":"https:\/\/a3noticias.com.mx\/sandbox\/wp-json\/wp\/v2\/posts\/18037\/revisions\/18039"}],"wp:featuredmedia":[{"embeddable":true,"href":"https:\/\/a3noticias.com.mx\/sandbox\/wp-json\/wp\/v2\/media\/18038"}],"wp:attachment":[{"href":"https:\/\/a3noticias.com.mx\/sandbox\/wp-json\/wp\/v2\/media?parent=18037"}],"wp:term":[{"taxonomy":"category","embeddable":true,"href":"https:\/\/a3noticias.com.mx\/sandbox\/wp-json\/wp\/v2\/categories?post=18037"},{"taxonomy":"post_tag","embeddable":true,"href":"https:\/\/a3noticias.com.mx\/sandbox\/wp-json\/wp\/v2\/tags?post=18037"}],"curies":[{"name":"wp","href":"https:\/\/api.w.org\/{rel}","templated":true}]}}