{"id":18044,"date":"2022-01-07T10:26:18","date_gmt":"2022-01-07T16:26:18","guid":{"rendered":"https:\/\/a3noticias.com.mx\/sandbox\/?p=18044"},"modified":"2022-01-07T10:26:20","modified_gmt":"2022-01-07T16:26:20","slug":"ventas-de-comerciantes-en-centro-historico-se-incrementaron-hasta-95-en-fiestas-decembrinas-y-dia-de-reyes","status":"publish","type":"post","link":"https:\/\/a3noticias.com.mx\/sandbox\/2022\/01\/07\/ventas-de-comerciantes-en-centro-historico-se-incrementaron-hasta-95-en-fiestas-decembrinas-y-dia-de-reyes\/","title":{"rendered":"Ventas de comerciantes en Centro Hist\u00f3rico se incrementaron hasta 95% en fiestas decembrinas y D\u00eda de Reyes."},"content":{"rendered":"\n<p>De acuerdo con Antonio Torres, presidente de la Alianza por el Centro Hist\u00f3rico, al cierre de las fiestas decembrinas y D\u00eda de Reyes, comerciantes del Centro Hist\u00f3rico tuvieron un incremento en las ventas del 95 por ciento, lo que representa el mayor n\u00famero de ventas realizadas en el marco de la pandemia por COVID-19<\/p>\n\n\n\n<blockquote class=\"wp-block-quote is-layout-flow wp-block-quote-is-layout-flow\"><p>\u201cLa mayor\u00eda de los negocios llegaron al 95 por ciento de ventas. Fue un diciembre muy productivo para el Centro Hist\u00f3rico. Estuvimos pr\u00e1cticamente llenos la mayor\u00eda\u201d.\u00a0<\/p><\/blockquote>\n\n\n\n<p>El monto econ\u00f3mico de la derrama no ha sido cuantificado, sin embargo se\u00f1al\u00f3 que en primera instancia, con los horarios y medidas establecidas por las autoridades debido al incremento de contagios, se cumpli\u00f3 con todas las expectativas.<\/p>\n","protected":false},"excerpt":{"rendered":"<p>De acuerdo con Antonio Torres, presidente de la Alianza por el Centro Hist\u00f3rico, al cierre de las fiestas decembrinas y D\u00eda de Reyes, comerciantes del Centro Hist\u00f3rico tuvieron un incremento &hellip; <a href=\"https:\/\/a3noticias.com.mx\/sandbox\/2022\/01\/07\/ventas-de-comerciantes-en-centro-historico-se-incrementaron-hasta-95-en-fiestas-decembrinas-y-dia-de-reyes\/\" class=\"more-link\">Leer m\u00e1s<\/a><\/p>\n","protected":false},"author":2,"featured_media":18045,"comment_status":"open","ping_status":"open","sticky":false,"template":"","format":"standard","meta":{"_monsterinsights_skip_tracking":false,"_monsterinsights_sitenote_active":false,"_monsterinsights_sitenote_note":"","_monsterinsights_sitenote_category":0,"footnotes":""},"categories":[2],"tags":[],"class_list":["post-18044","post","type-post","status-publish","format-standard","has-post-thumbnail","hentry","category-qro","entry"],"aioseo_notices":[],"_links":{"self":[{"href":"https:\/\/a3noticias.com.mx\/sandbox\/wp-json\/wp\/v2\/posts\/18044","targetHints":{"allow":["GET"]}}],"collection":[{"href":"https:\/\/a3noticias.com.mx\/sandbox\/wp-json\/wp\/v2\/posts"}],"about":[{"href":"https:\/\/a3noticias.com.mx\/sandbox\/wp-json\/wp\/v2\/types\/post"}],"author":[{"embeddable":true,"href":"https:\/\/a3noticias.com.mx\/sandbox\/wp-json\/wp\/v2\/users\/2"}],"replies":[{"embeddable":true,"href":"https:\/\/a3noticias.com.mx\/sandbox\/wp-json\/wp\/v2\/comments?post=18044"}],"version-history":[{"count":1,"href":"https:\/\/a3noticias.com.mx\/sandbox\/wp-json\/wp\/v2\/posts\/18044\/revisions"}],"predecessor-version":[{"id":18046,"href":"https:\/\/a3noticias.com.mx\/sandbox\/wp-json\/wp\/v2\/posts\/18044\/revisions\/18046"}],"wp:featuredmedia":[{"embeddable":true,"href":"https:\/\/a3noticias.com.mx\/sandbox\/wp-json\/wp\/v2\/media\/18045"}],"wp:attachment":[{"href":"https:\/\/a3noticias.com.mx\/sandbox\/wp-json\/wp\/v2\/media?parent=18044"}],"wp:term":[{"taxonomy":"category","embeddable":true,"href":"https:\/\/a3noticias.com.mx\/sandbox\/wp-json\/wp\/v2\/categories?post=18044"},{"taxonomy":"post_tag","embeddable":true,"href":"https:\/\/a3noticias.com.mx\/sandbox\/wp-json\/wp\/v2\/tags?post=18044"}],"curies":[{"name":"wp","href":"https:\/\/api.w.org\/{rel}","templated":true}]}}