{"id":18052,"date":"2022-01-07T10:54:53","date_gmt":"2022-01-07T16:54:53","guid":{"rendered":"https:\/\/a3noticias.com.mx\/sandbox\/?p=18052"},"modified":"2022-01-07T10:54:56","modified_gmt":"2022-01-07T16:54:56","slug":"secretaria-de-economia-tatiana-clouthier-da-positivo-a-covid-19","status":"publish","type":"post","link":"https:\/\/a3noticias.com.mx\/sandbox\/2022\/01\/07\/secretaria-de-economia-tatiana-clouthier-da-positivo-a-covid-19\/","title":{"rendered":"Secretaria de Econom\u00eda, Tatiana Clouthier, da positivo a COVID-19."},"content":{"rendered":"\n<p>La titular de la Secretar\u00eda de Econom\u00eda (SE), Tatiana Clouthier, revel\u00f3 a trav\u00e9s de su cuenta de Twitter que, tras realizarse una prueba de rutina, sali\u00f3 positiva a covid 19. La funcionar\u00eda indic\u00f3 que continuar\u00e1 trabajando desde su domicilio para evitar contagiar a m\u00e1s personas.&nbsp;<\/p>\n\n\n\n<blockquote class=\"wp-block-quote is-layout-flow wp-block-quote-is-layout-flow\"><p>\u201cBuenos d\u00edas. Espero todos cerrando la primer semana del a\u00f1o bien. Aprovecho para comentar que como compromiso de rutina, me hice prueba covid y es positiva. Seguir\u00e9 trabajando desde casa. #FelizViernes\u201d.<\/p><\/blockquote>\n\n\n\n<figure class=\"wp-block-embed-twitter wp-block-embed is-type-rich is-provider-twitter\"><div class=\"wp-block-embed__wrapper\">\n<blockquote class=\"twitter-tweet\" data-width=\"550\" data-dnt=\"true\"><p lang=\"es\" dir=\"ltr\">Buenos d\u00edas. Esperando todos cerrando la primer semana del a\u00f1o bien. Aprovecho para comentar que como compromiso de rutina, me hice prueba covid y es positiva. Seguir\u00e9 trabajando desde casa. <a href=\"https:\/\/twitter.com\/hashtag\/FelizViernes?src=hash&amp;ref_src=twsrc%5Etfw\">#FelizViernes<\/a><\/p>&mdash; Tatiana Clouthier (@tatclouthier) <a href=\"https:\/\/twitter.com\/tatclouthier\/status\/1479443543093612546?ref_src=twsrc%5Etfw\">January 7, 2022<\/a><\/blockquote><script async src=\"https:\/\/platform.twitter.com\/widgets.js\" charset=\"utf-8\"><\/script>\n<\/div><\/figure>\n\n\n\n<p>Se\u00f1al\u00f3 que hasta el momento presenta como s\u00edntomas la garganta irritada.\u00a0<\/p>\n\n\n\n<p>Al respecto, el presidente, Andr\u00e9s Manuel L\u00f3pez Obrador, dijo que estuvo en contacto, hace d\u00edas, con la secretaria de Econom\u00eda.&nbsp;<\/p>\n\n\n\n<blockquote class=\"wp-block-quote is-layout-flow wp-block-quote-is-layout-flow\"><p>\u00abYo me reun\u00ed con ella hace como tres d\u00edas. El lunes, creo, o el martes. No tengo yo s\u00edntomas. La verdad es que estoy muy bien\u00bb<\/p><\/blockquote>\n","protected":false},"excerpt":{"rendered":"<p>La titular de la Secretar\u00eda de Econom\u00eda (SE), Tatiana Clouthier, revel\u00f3 a trav\u00e9s de su cuenta de Twitter que, tras realizarse una prueba de rutina, sali\u00f3 positiva a covid 19. &hellip; <a href=\"https:\/\/a3noticias.com.mx\/sandbox\/2022\/01\/07\/secretaria-de-economia-tatiana-clouthier-da-positivo-a-covid-19\/\" class=\"more-link\">Leer m\u00e1s<\/a><\/p>\n","protected":false},"author":2,"featured_media":18053,"comment_status":"open","ping_status":"open","sticky":false,"template":"","format":"standard","meta":{"_monsterinsights_skip_tracking":false,"_monsterinsights_sitenote_active":false,"_monsterinsights_sitenote_note":"","_monsterinsights_sitenote_category":0,"footnotes":""},"categories":[3],"tags":[],"class_list":["post-18052","post","type-post","status-publish","format-standard","has-post-thumbnail","hentry","category-nal","entry"],"aioseo_notices":[],"_links":{"self":[{"href":"https:\/\/a3noticias.com.mx\/sandbox\/wp-json\/wp\/v2\/posts\/18052","targetHints":{"allow":["GET"]}}],"collection":[{"href":"https:\/\/a3noticias.com.mx\/sandbox\/wp-json\/wp\/v2\/posts"}],"about":[{"href":"https:\/\/a3noticias.com.mx\/sandbox\/wp-json\/wp\/v2\/types\/post"}],"author":[{"embeddable":true,"href":"https:\/\/a3noticias.com.mx\/sandbox\/wp-json\/wp\/v2\/users\/2"}],"replies":[{"embeddable":true,"href":"https:\/\/a3noticias.com.mx\/sandbox\/wp-json\/wp\/v2\/comments?post=18052"}],"version-history":[{"count":1,"href":"https:\/\/a3noticias.com.mx\/sandbox\/wp-json\/wp\/v2\/posts\/18052\/revisions"}],"predecessor-version":[{"id":18054,"href":"https:\/\/a3noticias.com.mx\/sandbox\/wp-json\/wp\/v2\/posts\/18052\/revisions\/18054"}],"wp:featuredmedia":[{"embeddable":true,"href":"https:\/\/a3noticias.com.mx\/sandbox\/wp-json\/wp\/v2\/media\/18053"}],"wp:attachment":[{"href":"https:\/\/a3noticias.com.mx\/sandbox\/wp-json\/wp\/v2\/media?parent=18052"}],"wp:term":[{"taxonomy":"category","embeddable":true,"href":"https:\/\/a3noticias.com.mx\/sandbox\/wp-json\/wp\/v2\/categories?post=18052"},{"taxonomy":"post_tag","embeddable":true,"href":"https:\/\/a3noticias.com.mx\/sandbox\/wp-json\/wp\/v2\/tags?post=18052"}],"curies":[{"name":"wp","href":"https:\/\/api.w.org\/{rel}","templated":true}]}}