{"id":18055,"date":"2022-01-07T11:53:48","date_gmt":"2022-01-07T17:53:48","guid":{"rendered":"https:\/\/a3noticias.com.mx\/sandbox\/?p=18055"},"modified":"2022-01-07T11:53:50","modified_gmt":"2022-01-07T17:53:50","slug":"influencers-canadienses-que-quedaron-varados-en-mexico-dan-positivo-a-covid","status":"publish","type":"post","link":"https:\/\/a3noticias.com.mx\/sandbox\/2022\/01\/07\/influencers-canadienses-que-quedaron-varados-en-mexico-dan-positivo-a-covid\/","title":{"rendered":"Influencers canadienses que quedaron varados en M\u00e9xico dan positivo a Covid"},"content":{"rendered":"\n<p>Un grupo de \u201cinfluencers\u201d canadienses y otros pasajeros que hicieron fiesta en un avi\u00f3n violando todas las medidas sanitarias mientras viajaban a Canc\u00fan, dieron positivo a Covid-19 y quedaron varados en el puerto mexicano luego de que ninguna aerol\u00ednea se prestara a llevarlos de vuelta a casa.<\/p>\n\n\n\n<p>El pasado 30 de diciembre, a trav\u00e9s de videos en las redes sociales los j\u00f3venes compartieron los momentos vividos durante el trayecto rumbo a Quintana Roo, M\u00e9xico, donde se les observa sin cubreboca, sin sana distancia, bebiendo de la misma botella e incluso fumando a bordo del avi\u00f3n.<\/p>\n\n\n\n<p>El viaje fue organizado por James William Awad, como se identifica en redes sociales, para el cual invit\u00f3 a un grupo de \u00ab<strong>influencers<\/strong>\u00bb de las redes sociales y&nbsp;<strong>estrellas de reality shows<\/strong>, como Karl Sabourin del popular programa de Quebec \u00abOccupation Double\u00bb y Sandrine Seguin y Anna-Maelle Laprise, quienes aparecieron en la versi\u00f3n provincial de \u00abLove Island\u00bb.<\/p>\n\n\n\n<p>Una de las j\u00f3venes que qued\u00f3 varada en Canc\u00fan, Rebecca St. Pierre, dijo en una entrevista a The Canadian Press que este mi\u00e9rcoles dio positivo a Covid-19, por lo que se encuentra bajo aislamiento en Tulum, ubicado al sur de Canc\u00fan. Expres\u00f3 adem\u00e1s, que calcula que al menos 30 pasajeros del avi\u00f3n tambi\u00e9n dieron positivo al virus.<\/p>\n\n\n\n<p>La joven de 19 a\u00f1os se\u00f1al\u00f3 haber ganado el viaje en un concurso de Instagram y nunca antes haber escuchado del organizador de este.<\/p>\n\n\n\n<blockquote class=\"wp-block-quote is-layout-flow wp-block-quote-is-layout-flow\"><p>\u201cEsperaba una semana relajada, donde iba a ser cuidadosa, pero result\u00f3 ser un viaje costoso para algo que se supon\u00eda iba a ser gratis\u201d, extern\u00f3 a The Canadian Press.<\/p><\/blockquote>\n\n\n\n<p>Ante la situaci\u00f3n, la aerol\u00ednea Sunwing Airlines decidi\u00f3 cancelar este mi\u00e9rcoles el vuelo de vuelta a Canad\u00e1 de los j\u00f3venes a fin de garantizar la seguridad de los pasajeros y la tripulaci\u00f3n. Las aerol\u00edneas Air Transat y Air Canada tambi\u00e9n optaron por no prestarles el servicio.<\/p>\n\n\n\n<p>Por su parte, el Primer Ministro de Canad\u00e1, Justin Trudeau, los tach\u00f3 de \u201cidiotas\u201d y \u201cb\u00e1rbaros\u201d y calific\u00f3 su conducta de irresponsable.<\/p>\n\n\n\n<p>Mientras tanto a trav\u00e9s de un comunicado, el ministro federal de Transporte de Canad\u00e1, Omar Alghabra, el ministro de Salud, Jean-Yves Duclos y el ministro de Seguridad P\u00fablica, Marco Mendicino, informaron que ordenaron a sus respectivos departamentos investigar lo sucedido.<\/p>\n\n\n\n<p>De acuerdo con el comunicado, los pasajeros abordo del avi\u00f3n que violaron las regulaciones del Departamento de Transporte podr\u00edan enfrentar multas de hasta\u00a0<strong>5 mil d\u00f3lares canadienses\u00a0<\/strong>por infracci\u00f3n equivalentes a 3 mil 930 d\u00f3lares estadounidenses.<\/p>\n\n\n\n<figure class=\"wp-block-embed-twitter wp-block-embed is-type-rich is-provider-twitter\"><div class=\"wp-block-embed__wrapper\">\n<blockquote class=\"twitter-tweet\" data-width=\"550\" data-dnt=\"true\"><p lang=\"fr\" dir=\"ltr\">Ce qui devait arriver arriva. <br><br>Sunwing aurait d\u00e9cid\u00e9 d\u2019annuler le vol qui devait ramener une centaine de Qu\u00e9b\u00e9cois demain soir \u00e0 Montr\u00e9al, au lendemain d\u2019images-chocs publi\u00e9es par le Journal o\u00f9 des influenceurs faisaient le party.<br><br>Autre vid\u00e9o de la f\u00eate \ud83c\udfa5 <a href=\"https:\/\/t.co\/A7ZnTaThtI\">pic.twitter.com\/A7ZnTaThtI<\/a><\/p>&mdash; Francis Pilon (@FrancisPilon_) <a href=\"https:\/\/twitter.com\/FrancisPilon_\/status\/1478503802772897797?ref_src=twsrc%5Etfw\">January 4, 2022<\/a><\/blockquote><script async src=\"https:\/\/platform.twitter.com\/widgets.js\" charset=\"utf-8\"><\/script>\n<\/div><\/figure>\n\n\n\n<figure class=\"wp-block-embed-twitter wp-block-embed is-type-rich is-provider-twitter\"><div class=\"wp-block-embed__wrapper\">\n<blockquote class=\"twitter-tweet\" data-width=\"550\" data-dnt=\"true\"><p lang=\"fr\" dir=\"ltr\">Des influenceurs qu\u00e9b\u00e9cois risquent des amendes sal\u00e9es et d\u2019\u00eatre bannis de compagnies a\u00e9riennes apr\u00e8s avoir enfreint des r\u00e8gles de l\u2019aviation durant un gros party qui a d\u00e9rap\u00e9 \u00e0 bord d\u2019un vol pour Canc\u00fan. <a href=\"https:\/\/twitter.com\/hashtag\/covid?src=hash&amp;ref_src=twsrc%5Etfw\">#covid<\/a> <a href=\"https:\/\/twitter.com\/hashtag\/polqc?src=hash&amp;ref_src=twsrc%5Etfw\">#polqc<\/a><br><br>Extrait de la f\u00eate ci-dessous \ud83d\udcf8<a href=\"https:\/\/t.co\/nGfRjY8uOj\">https:\/\/t.co\/nGfRjY8uOj<\/a> <a href=\"https:\/\/t.co\/kBzZwfp4EQ\">pic.twitter.com\/kBzZwfp4EQ<\/a><\/p>&mdash; Francis Pilon (@FrancisPilon_) <a href=\"https:\/\/twitter.com\/FrancisPilon_\/status\/1478233227093499909?ref_src=twsrc%5Etfw\">January 4, 2022<\/a><\/blockquote><script async src=\"https:\/\/platform.twitter.com\/widgets.js\" charset=\"utf-8\"><\/script>\n<\/div><\/figure>\n","protected":false},"excerpt":{"rendered":"<p>Un grupo de \u201cinfluencers\u201d canadienses y otros pasajeros que hicieron fiesta en un avi\u00f3n violando todas las medidas sanitarias mientras viajaban a Canc\u00fan, dieron positivo a Covid-19 y quedaron varados &hellip; <a href=\"https:\/\/a3noticias.com.mx\/sandbox\/2022\/01\/07\/influencers-canadienses-que-quedaron-varados-en-mexico-dan-positivo-a-covid\/\" class=\"more-link\">Leer m\u00e1s<\/a><\/p>\n","protected":false},"author":4,"featured_media":18056,"comment_status":"open","ping_status":"open","sticky":false,"template":"","format":"standard","meta":{"_monsterinsights_skip_tracking":false,"_monsterinsights_sitenote_active":false,"_monsterinsights_sitenote_note":"","_monsterinsights_sitenote_category":0,"footnotes":""},"categories":[4],"tags":[],"class_list":["post-18055","post","type-post","status-publish","format-standard","has-post-thumbnail","hentry","category-inter","entry"],"aioseo_notices":[],"_links":{"self":[{"href":"https:\/\/a3noticias.com.mx\/sandbox\/wp-json\/wp\/v2\/posts\/18055","targetHints":{"allow":["GET"]}}],"collection":[{"href":"https:\/\/a3noticias.com.mx\/sandbox\/wp-json\/wp\/v2\/posts"}],"about":[{"href":"https:\/\/a3noticias.com.mx\/sandbox\/wp-json\/wp\/v2\/types\/post"}],"author":[{"embeddable":true,"href":"https:\/\/a3noticias.com.mx\/sandbox\/wp-json\/wp\/v2\/users\/4"}],"replies":[{"embeddable":true,"href":"https:\/\/a3noticias.com.mx\/sandbox\/wp-json\/wp\/v2\/comments?post=18055"}],"version-history":[{"count":1,"href":"https:\/\/a3noticias.com.mx\/sandbox\/wp-json\/wp\/v2\/posts\/18055\/revisions"}],"predecessor-version":[{"id":18057,"href":"https:\/\/a3noticias.com.mx\/sandbox\/wp-json\/wp\/v2\/posts\/18055\/revisions\/18057"}],"wp:featuredmedia":[{"embeddable":true,"href":"https:\/\/a3noticias.com.mx\/sandbox\/wp-json\/wp\/v2\/media\/18056"}],"wp:attachment":[{"href":"https:\/\/a3noticias.com.mx\/sandbox\/wp-json\/wp\/v2\/media?parent=18055"}],"wp:term":[{"taxonomy":"category","embeddable":true,"href":"https:\/\/a3noticias.com.mx\/sandbox\/wp-json\/wp\/v2\/categories?post=18055"},{"taxonomy":"post_tag","embeddable":true,"href":"https:\/\/a3noticias.com.mx\/sandbox\/wp-json\/wp\/v2\/tags?post=18055"}],"curies":[{"name":"wp","href":"https:\/\/api.w.org\/{rel}","templated":true}]}}