{"id":18058,"date":"2022-01-07T12:48:36","date_gmt":"2022-01-07T18:48:36","guid":{"rendered":"https:\/\/a3noticias.com.mx\/sandbox\/?p=18058"},"modified":"2022-01-07T12:48:37","modified_gmt":"2022-01-07T18:48:37","slug":"hay-6-contagios-de-covid-19-en-miembros-de-gabinete-estatal-confirma-kuri-gonzalez","status":"publish","type":"post","link":"https:\/\/a3noticias.com.mx\/sandbox\/2022\/01\/07\/hay-6-contagios-de-covid-19-en-miembros-de-gabinete-estatal-confirma-kuri-gonzalez\/","title":{"rendered":"Hay 6 contagios de COVID-19 en miembros de gabinete estatal: confirma Kuri Gonz\u00e1lez."},"content":{"rendered":"\n<p>Mauricio Kuri Gonz\u00e1lez, gobernador de Quer\u00e9taro, confirm\u00f3 que hay seis integrantes de su gabinete con COVID-19, se\u00f1al\u00f3 que en todos los casos se trata de enfermedad leve y que ninguna ha requerido hospitalizaci\u00f3n.<\/p>\n\n\n\n<blockquote class=\"wp-block-quote is-layout-flow wp-block-quote-is-layout-flow\"><p>\u201cTengo seis en mi gabinete ya confirmados con Covid. Seguimos tomando todas las precauciones debidas\u201d.<\/p><\/blockquote>\n\n\n\n<p>Quienes adquirieron el virus son la secretaria de Gobierno, Guadalupe Murgu\u00eda; la secretaria de Turismo, Mariela Mor\u00e1n; el Secretario de Desarrollo Agropecuario, Rosendo Anaya; la secretaria de la Juventud, Virginia Hern\u00e1ndez; el Oficial Mayor, Mario Ram\u00edrez y el Coordinador de Asesores, Carlos Herrer\u00edas.<\/p>\n\n\n\n<p>El gobernador coment\u00f3 que mientras no haya una subida importante en hospitalizaciones,&nbsp; la econom\u00eda se mantiene abierta.&nbsp;<\/p>\n\n\n\n<blockquote class=\"wp-block-quote is-layout-flow wp-block-quote-is-layout-flow\"><p>\u201cMientras no tenga una subida importante me deja tranquilidad, por eso es una decisi\u00f3n t\u00e9cnica, no pol\u00edtica el tema de abrir o no abrir la econom\u00eda\u201d.\u00a0<\/p><\/blockquote>\n","protected":false},"excerpt":{"rendered":"<p>Mauricio Kuri Gonz\u00e1lez, gobernador de Quer\u00e9taro, confirm\u00f3 que hay seis integrantes de su gabinete con COVID-19, se\u00f1al\u00f3 que en todos los casos se trata de enfermedad leve y que ninguna &hellip; <a href=\"https:\/\/a3noticias.com.mx\/sandbox\/2022\/01\/07\/hay-6-contagios-de-covid-19-en-miembros-de-gabinete-estatal-confirma-kuri-gonzalez\/\" class=\"more-link\">Leer m\u00e1s<\/a><\/p>\n","protected":false},"author":2,"featured_media":18059,"comment_status":"open","ping_status":"open","sticky":false,"template":"","format":"standard","meta":{"_monsterinsights_skip_tracking":false,"_monsterinsights_sitenote_active":false,"_monsterinsights_sitenote_note":"","_monsterinsights_sitenote_category":0,"footnotes":""},"categories":[2],"tags":[],"class_list":["post-18058","post","type-post","status-publish","format-standard","has-post-thumbnail","hentry","category-qro","entry"],"aioseo_notices":[],"_links":{"self":[{"href":"https:\/\/a3noticias.com.mx\/sandbox\/wp-json\/wp\/v2\/posts\/18058","targetHints":{"allow":["GET"]}}],"collection":[{"href":"https:\/\/a3noticias.com.mx\/sandbox\/wp-json\/wp\/v2\/posts"}],"about":[{"href":"https:\/\/a3noticias.com.mx\/sandbox\/wp-json\/wp\/v2\/types\/post"}],"author":[{"embeddable":true,"href":"https:\/\/a3noticias.com.mx\/sandbox\/wp-json\/wp\/v2\/users\/2"}],"replies":[{"embeddable":true,"href":"https:\/\/a3noticias.com.mx\/sandbox\/wp-json\/wp\/v2\/comments?post=18058"}],"version-history":[{"count":1,"href":"https:\/\/a3noticias.com.mx\/sandbox\/wp-json\/wp\/v2\/posts\/18058\/revisions"}],"predecessor-version":[{"id":18060,"href":"https:\/\/a3noticias.com.mx\/sandbox\/wp-json\/wp\/v2\/posts\/18058\/revisions\/18060"}],"wp:featuredmedia":[{"embeddable":true,"href":"https:\/\/a3noticias.com.mx\/sandbox\/wp-json\/wp\/v2\/media\/18059"}],"wp:attachment":[{"href":"https:\/\/a3noticias.com.mx\/sandbox\/wp-json\/wp\/v2\/media?parent=18058"}],"wp:term":[{"taxonomy":"category","embeddable":true,"href":"https:\/\/a3noticias.com.mx\/sandbox\/wp-json\/wp\/v2\/categories?post=18058"},{"taxonomy":"post_tag","embeddable":true,"href":"https:\/\/a3noticias.com.mx\/sandbox\/wp-json\/wp\/v2\/tags?post=18058"}],"curies":[{"name":"wp","href":"https:\/\/api.w.org\/{rel}","templated":true}]}}