{"id":18072,"date":"2022-01-08T14:24:44","date_gmt":"2022-01-08T20:24:44","guid":{"rendered":"https:\/\/a3noticias.com.mx\/sandbox\/?p=18072"},"modified":"2022-01-08T14:24:46","modified_gmt":"2022-01-08T20:24:46","slug":"secretaria-de-cultura-acerca-actividades-artisticas-a-mas-de-260-mil-personas","status":"publish","type":"post","link":"https:\/\/a3noticias.com.mx\/sandbox\/2022\/01\/08\/secretaria-de-cultura-acerca-actividades-artisticas-a-mas-de-260-mil-personas\/","title":{"rendered":"Secretar\u00eda de Cultura acerca actividades art\u00edsticas a m\u00e1s de 260 mil personas"},"content":{"rendered":"\n<p>En los primeros 100 d\u00edas de la administraci\u00f3n estatal, la Secretar\u00eda de Cultura, encabezada por Marcela Herbert Pesquera, ha realizado cerca de 57 actividades art\u00edsticas con la asistencia de 268 mil 307 personas, entre ellas 101 mil 837 de manera presencial y 166 mil 470 de manera virtual.&nbsp;<\/p>\n\n\n\n<p>Se desarrollaron actividades de danza, teatro, m\u00fasica, literatura, exposiciones, festivales y homenajes, entre ellos Un Siglo con Guillermina Bravo, celebraci\u00f3n por los 100 a\u00f1os del nacimiento de la m\u00e1xima artista de la danza moderna y contempor\u00e1nea en M\u00e9xico.<\/p>\n\n\n\n<p>Con el objetivo de eliminar los obst\u00e1culos a la integraci\u00f3n, se conmemor\u00f3 el D\u00eda Internacional de las Personas con Discapacidad con un programa de danzas inclusivas, en las que participaron las compa\u00f1\u00edas Para Danza Quer\u00e9taro y Danza Contempor\u00e1nea Ciudad Interior.&nbsp;<\/p>\n\n\n\n<p>Tambi\u00e9n se realiz\u00f3 la Muestra Estatal de Teatro (MET), donde recibieron 43 propuestas de puestas en escena; mientras que el Premio Nacional de Novela Negra, galard\u00f3n otorgado por el Poder Ejecutivo del Estado de Quer\u00e9taro, reconoci\u00f3 al escritor Vicente Alfonso.<\/p>\n\n\n\n<p>Para celebrar el XXV aniversario de la inscripci\u00f3n en la lista de patrimonio mundial de la UNESCO de la Zona de Monumentos Hist\u00f3ricos de Santiago de Quer\u00e9taro, de manera conjunta con el municipio de Quer\u00e9taro se realizaron diversos actos c\u00edvicos y eventos culturales, adem\u00e1s la Secretar\u00eda de Cultura present\u00f3 el libro \u201cQuer\u00e9taro, siglos de esplendor\u201d de Jacobo Zanella.<\/p>\n\n\n\n<p>Dentro de las actividades en museos y galer\u00edas se present\u00f3 \u201cUna ruptura en Quer\u00e9taro: exposici\u00f3n conmemorativa y documental\u201d de Julio Castillo y Gerardo Esquivel en la Galer\u00eda Libertad; mientras que en el Museo de Arte de Quer\u00e9taro se dio a conocer \u201cDel Tepeyac al Sangremal: una divina peregrina\u201d, dedicada a la colecci\u00f3n de Rodrigo Rivero-Lake de im\u00e1genes guadalupanas del siglo XVI al siglo XIX.&nbsp;<\/p>\n\n\n\n<p>En el marco de las relaciones diplom\u00e1ticas entre Gobierno del Estado y el Consulado de Jap\u00f3n, se present\u00f3 la exposici\u00f3n temporal \u201cEl brillo de los d\u00edas\u201d calendarios 2022 de la cultura japonesa. Mientras que en el Centro de Arte Emergente se desarroll\u00f3 el primer Encuentro de Culturas Urbanas; adem\u00e1s del festival itinerante de D\u00eda de Muertos con eventos gratuitos en San Juan del R\u00edo, Tequisquiapan, Corregidora y Quer\u00e9taro.<\/p>\n\n\n\n<p>Adem\u00e1s, la Embajada de la Rep\u00fablica de Corea en M\u00e9xico, la Secretar\u00eda de Cultura y el Centro Cultural Coreano en M\u00e9xico, se unieron para acercar la cultura y tradiciones coreanas a las y los queretanos.&nbsp;&nbsp;<\/p>\n\n\n\n<p>Para celebrar las fiestas decembrinas, la Secretar\u00eda de Cultura se sum\u00f3 a las acciones de la Secretar\u00eda de Turismo y el gobierno municipal de Quer\u00e9taro, en las que participaron mil 70 artistas.<\/p>\n\n\n\n<p>En coordinaci\u00f3n con el Municipio de Tequisquiapan, se rehabilit\u00f3 la Casa de Cultura de San Nicol\u00e1s, espacio que anteriormente fue una cl\u00ednica y que ahora recibe a los habitantes de la comunidad para que puedan desarrollar actividades art\u00edsticas y culturales.&nbsp;<\/p>\n\n\n\n<p>Para la elaboraci\u00f3n del Plan Estatal de Cultura del estado de Quer\u00e9taro 2021-2027 se realiz\u00f3 una serie de consultas regionales, donde se recibieron 233 propuestas y peticiones de representantes de la comunidad art\u00edstica y cultural del estado.&nbsp;<\/p>\n\n\n\n<p>Finalmente, para arrancar el 2022 se inaugur\u00f3 el \u201cFestival Cultural Inclusivo Ox\u00edmoron, somos todos\u201d, en donde participan m\u00e1s de 26 artistas nacionales e internacionales y ofrece un encuentro de creaci\u00f3n cultural que busca empatizar y humanizar a trav\u00e9s del arte.&nbsp;<\/p>\n","protected":false},"excerpt":{"rendered":"<p>En los primeros 100 d\u00edas de la administraci\u00f3n estatal, la Secretar\u00eda de Cultura, encabezada por Marcela Herbert Pesquera, ha realizado cerca de 57 actividades art\u00edsticas con la asistencia de 268 &hellip; <a href=\"https:\/\/a3noticias.com.mx\/sandbox\/2022\/01\/08\/secretaria-de-cultura-acerca-actividades-artisticas-a-mas-de-260-mil-personas\/\" class=\"more-link\">Leer m\u00e1s<\/a><\/p>\n","protected":false},"author":4,"featured_media":18073,"comment_status":"open","ping_status":"open","sticky":false,"template":"","format":"standard","meta":{"_monsterinsights_skip_tracking":false,"_monsterinsights_sitenote_active":false,"_monsterinsights_sitenote_note":"","_monsterinsights_sitenote_category":0,"footnotes":""},"categories":[2],"tags":[],"class_list":["post-18072","post","type-post","status-publish","format-standard","has-post-thumbnail","hentry","category-qro","entry"],"aioseo_notices":[],"_links":{"self":[{"href":"https:\/\/a3noticias.com.mx\/sandbox\/wp-json\/wp\/v2\/posts\/18072","targetHints":{"allow":["GET"]}}],"collection":[{"href":"https:\/\/a3noticias.com.mx\/sandbox\/wp-json\/wp\/v2\/posts"}],"about":[{"href":"https:\/\/a3noticias.com.mx\/sandbox\/wp-json\/wp\/v2\/types\/post"}],"author":[{"embeddable":true,"href":"https:\/\/a3noticias.com.mx\/sandbox\/wp-json\/wp\/v2\/users\/4"}],"replies":[{"embeddable":true,"href":"https:\/\/a3noticias.com.mx\/sandbox\/wp-json\/wp\/v2\/comments?post=18072"}],"version-history":[{"count":1,"href":"https:\/\/a3noticias.com.mx\/sandbox\/wp-json\/wp\/v2\/posts\/18072\/revisions"}],"predecessor-version":[{"id":18074,"href":"https:\/\/a3noticias.com.mx\/sandbox\/wp-json\/wp\/v2\/posts\/18072\/revisions\/18074"}],"wp:featuredmedia":[{"embeddable":true,"href":"https:\/\/a3noticias.com.mx\/sandbox\/wp-json\/wp\/v2\/media\/18073"}],"wp:attachment":[{"href":"https:\/\/a3noticias.com.mx\/sandbox\/wp-json\/wp\/v2\/media?parent=18072"}],"wp:term":[{"taxonomy":"category","embeddable":true,"href":"https:\/\/a3noticias.com.mx\/sandbox\/wp-json\/wp\/v2\/categories?post=18072"},{"taxonomy":"post_tag","embeddable":true,"href":"https:\/\/a3noticias.com.mx\/sandbox\/wp-json\/wp\/v2\/tags?post=18072"}],"curies":[{"name":"wp","href":"https:\/\/api.w.org\/{rel}","templated":true}]}}