{"id":18075,"date":"2022-01-09T10:05:33","date_gmt":"2022-01-09T16:05:33","guid":{"rendered":"https:\/\/a3noticias.com.mx\/sandbox\/?p=18075"},"modified":"2022-01-09T10:05:35","modified_gmt":"2022-01-09T16:05:35","slug":"marchan-en-queretaro-contra-el-reemplacamiento","status":"publish","type":"post","link":"https:\/\/a3noticias.com.mx\/sandbox\/2022\/01\/09\/marchan-en-queretaro-contra-el-reemplacamiento\/","title":{"rendered":"Marchan en Quer\u00e9taro contra el reemplacamiento"},"content":{"rendered":"\n<p>Alrededor de un centenar de personas marcharon este s\u00e1bado por las principales calles del centro hist\u00f3rico de Quer\u00e9taro en contra del reemplacamiento vehicular que se ha establecido para este 2022 en la entidad.<\/p>\n\n\n\n<p>Con frases como \u201cno al reemplacamiento\u201d, \u201cKuri, panista, te tenemos en la vista\u201d, son algunas de las consignas que se pudieran escuchar y leer en los mensajes que lanzaron los marchistas.<\/p>\n\n\n\n<p>La marcha se convoc\u00f3 para las 2 de la tarde en la plaza ubicada en Bernardo Quintana y Calzada Los Arcos, para avanzar con rumbo hacia Plaza de Armas donde posteriormente se recaudaron firmas para el amparo colectivo que se prev\u00e9 ingresar en contra del reemplacamiento.&nbsp;<\/p>\n","protected":false},"excerpt":{"rendered":"<p>Alrededor de un centenar de personas marcharon este s\u00e1bado por las principales calles del centro hist\u00f3rico de Quer\u00e9taro en contra del reemplacamiento vehicular que se ha establecido para este 2022 &hellip; <a href=\"https:\/\/a3noticias.com.mx\/sandbox\/2022\/01\/09\/marchan-en-queretaro-contra-el-reemplacamiento\/\" class=\"more-link\">Leer m\u00e1s<\/a><\/p>\n","protected":false},"author":4,"featured_media":18076,"comment_status":"open","ping_status":"open","sticky":false,"template":"","format":"standard","meta":{"_monsterinsights_skip_tracking":false,"_monsterinsights_sitenote_active":false,"_monsterinsights_sitenote_note":"","_monsterinsights_sitenote_category":0,"footnotes":""},"categories":[2],"tags":[],"class_list":["post-18075","post","type-post","status-publish","format-standard","has-post-thumbnail","hentry","category-qro","entry"],"aioseo_notices":[],"_links":{"self":[{"href":"https:\/\/a3noticias.com.mx\/sandbox\/wp-json\/wp\/v2\/posts\/18075","targetHints":{"allow":["GET"]}}],"collection":[{"href":"https:\/\/a3noticias.com.mx\/sandbox\/wp-json\/wp\/v2\/posts"}],"about":[{"href":"https:\/\/a3noticias.com.mx\/sandbox\/wp-json\/wp\/v2\/types\/post"}],"author":[{"embeddable":true,"href":"https:\/\/a3noticias.com.mx\/sandbox\/wp-json\/wp\/v2\/users\/4"}],"replies":[{"embeddable":true,"href":"https:\/\/a3noticias.com.mx\/sandbox\/wp-json\/wp\/v2\/comments?post=18075"}],"version-history":[{"count":1,"href":"https:\/\/a3noticias.com.mx\/sandbox\/wp-json\/wp\/v2\/posts\/18075\/revisions"}],"predecessor-version":[{"id":18077,"href":"https:\/\/a3noticias.com.mx\/sandbox\/wp-json\/wp\/v2\/posts\/18075\/revisions\/18077"}],"wp:featuredmedia":[{"embeddable":true,"href":"https:\/\/a3noticias.com.mx\/sandbox\/wp-json\/wp\/v2\/media\/18076"}],"wp:attachment":[{"href":"https:\/\/a3noticias.com.mx\/sandbox\/wp-json\/wp\/v2\/media?parent=18075"}],"wp:term":[{"taxonomy":"category","embeddable":true,"href":"https:\/\/a3noticias.com.mx\/sandbox\/wp-json\/wp\/v2\/categories?post=18075"},{"taxonomy":"post_tag","embeddable":true,"href":"https:\/\/a3noticias.com.mx\/sandbox\/wp-json\/wp\/v2\/tags?post=18075"}],"curies":[{"name":"wp","href":"https:\/\/api.w.org\/{rel}","templated":true}]}}