{"id":18081,"date":"2022-01-09T11:13:24","date_gmt":"2022-01-09T17:13:24","guid":{"rendered":"https:\/\/a3noticias.com.mx\/sandbox\/?p=18081"},"modified":"2022-01-09T11:13:25","modified_gmt":"2022-01-09T17:13:25","slug":"gobernador-de-queretaro-pide-no-politizar-marchas","status":"publish","type":"post","link":"https:\/\/a3noticias.com.mx\/sandbox\/2022\/01\/09\/gobernador-de-queretaro-pide-no-politizar-marchas\/","title":{"rendered":"Gobernador de Quer\u00e9taro pide no politizar marchas"},"content":{"rendered":"\n<p>El gobernador de Quer\u00e9taro, Mauricio Kuri Gonz\u00e1lez, pidi\u00f3 no politizar el tema del reemplacamiento vehicular, esto luego de algunas manifestaciones convocadas contra esta nueva medida puesta en marcha en el estado.<\/p>\n\n\n\n<blockquote class=\"wp-block-quote is-style-large is-layout-flow wp-block-quote-is-layout-flow\"><p>\u201cCreo que es un derecho que se vale, y por supuesto que los escuchamos y desgraciadamente entiendo que un impuesto a nadie le gusta\u201d, subray\u00f3.<\/p><\/blockquote>\n\n\n\n<p>Destac\u00f3 que estas manifestaciones no deben ser pol\u00edticas para que no se pueda manipular la opini\u00f3n p\u00fablica con argumentos incompletos; asimismo, se\u00f1al\u00f3 que los ciudadanos tienen el derecho a presentar amparos ante esta medida; sin embargo, el gobierno responder\u00e1 legalmente.<\/p>\n\n\n\n<p>El mandatario asegur\u00f3 que esta medida dar\u00e1 seguridad jur\u00eddica ante el incremento del parque vehicular en la entidad, el cual ronda alrededor de 730 mil veh\u00edculos.<\/p>\n\n\n\n<blockquote class=\"wp-block-quote is-style-large is-layout-flow wp-block-quote-is-layout-flow\"><p>\u201cHace 40 a\u00f1os hab\u00eda 30 mil, entonces esta gran subida de autom\u00f3viles tenemos que llevar un orden y de verdad es para ayudar para tener una mejor seguridad jur\u00eddica para todos y todas\u201d, subray\u00f3.<\/p><\/blockquote>\n","protected":false},"excerpt":{"rendered":"<p>El gobernador de Quer\u00e9taro, Mauricio Kuri Gonz\u00e1lez, pidi\u00f3 no politizar el tema del reemplacamiento vehicular, esto luego de algunas manifestaciones convocadas contra esta nueva medida puesta en marcha en el &hellip; <a href=\"https:\/\/a3noticias.com.mx\/sandbox\/2022\/01\/09\/gobernador-de-queretaro-pide-no-politizar-marchas\/\" class=\"more-link\">Leer m\u00e1s<\/a><\/p>\n","protected":false},"author":4,"featured_media":18082,"comment_status":"open","ping_status":"open","sticky":false,"template":"","format":"standard","meta":{"_monsterinsights_skip_tracking":false,"_monsterinsights_sitenote_active":false,"_monsterinsights_sitenote_note":"","_monsterinsights_sitenote_category":0,"footnotes":""},"categories":[2],"tags":[],"class_list":["post-18081","post","type-post","status-publish","format-standard","has-post-thumbnail","hentry","category-qro","entry"],"aioseo_notices":[],"_links":{"self":[{"href":"https:\/\/a3noticias.com.mx\/sandbox\/wp-json\/wp\/v2\/posts\/18081","targetHints":{"allow":["GET"]}}],"collection":[{"href":"https:\/\/a3noticias.com.mx\/sandbox\/wp-json\/wp\/v2\/posts"}],"about":[{"href":"https:\/\/a3noticias.com.mx\/sandbox\/wp-json\/wp\/v2\/types\/post"}],"author":[{"embeddable":true,"href":"https:\/\/a3noticias.com.mx\/sandbox\/wp-json\/wp\/v2\/users\/4"}],"replies":[{"embeddable":true,"href":"https:\/\/a3noticias.com.mx\/sandbox\/wp-json\/wp\/v2\/comments?post=18081"}],"version-history":[{"count":1,"href":"https:\/\/a3noticias.com.mx\/sandbox\/wp-json\/wp\/v2\/posts\/18081\/revisions"}],"predecessor-version":[{"id":18083,"href":"https:\/\/a3noticias.com.mx\/sandbox\/wp-json\/wp\/v2\/posts\/18081\/revisions\/18083"}],"wp:featuredmedia":[{"embeddable":true,"href":"https:\/\/a3noticias.com.mx\/sandbox\/wp-json\/wp\/v2\/media\/18082"}],"wp:attachment":[{"href":"https:\/\/a3noticias.com.mx\/sandbox\/wp-json\/wp\/v2\/media?parent=18081"}],"wp:term":[{"taxonomy":"category","embeddable":true,"href":"https:\/\/a3noticias.com.mx\/sandbox\/wp-json\/wp\/v2\/categories?post=18081"},{"taxonomy":"post_tag","embeddable":true,"href":"https:\/\/a3noticias.com.mx\/sandbox\/wp-json\/wp\/v2\/tags?post=18081"}],"curies":[{"name":"wp","href":"https:\/\/api.w.org\/{rel}","templated":true}]}}