{"id":18084,"date":"2022-01-09T22:30:12","date_gmt":"2022-01-10T04:30:12","guid":{"rendered":"https:\/\/a3noticias.com.mx\/sandbox\/?p=18084"},"modified":"2022-01-09T22:30:14","modified_gmt":"2022-01-10T04:30:14","slug":"extenderan-pago-con-descuento-para-reemplacamiento-vehicular","status":"publish","type":"post","link":"https:\/\/a3noticias.com.mx\/sandbox\/2022\/01\/09\/extenderan-pago-con-descuento-para-reemplacamiento-vehicular\/","title":{"rendered":"Extender\u00e1n pago con descuento para reemplacamiento vehicular"},"content":{"rendered":"\n<p>El gobernador del estado, Mauricio Kuri Gonz\u00e1lez anunci\u00f3 que, consciente de la situaci\u00f3n econ\u00f3mica que enfrentan las familias en este inicio de a\u00f1o y con la finalidad de que puedan organizar mejor sus finanzas, se extender\u00e1 el pago con descuento de las nuevas placas vehiculares hasta el 31 de julio.<\/p>\n\n\n\n<p>Cabe recordar que inicialmente se hab\u00eda planteado que el 30% de descuento ser\u00eda aplicable \u00fanicamente para los pagos que se realizaran entre enero y marzo; sin embargo, el precio de mil 631 pesos se mantendr\u00e1 hasta el \u00faltimo d\u00eda de julio.<\/p>\n\n\n\n<blockquote class=\"wp-block-quote is-style-large is-layout-flow wp-block-quote-is-layout-flow\"><p>\u201cSoy muy consciente de la dif\u00edcil situaci\u00f3n econ\u00f3mica, que estamos en plena reactivaci\u00f3n econ\u00f3mica, de la inflaci\u00f3n y las pr\u00f3ximas preinscripciones escolares. He escuchado sus cr\u00edticas y sus inquietudes. Los entiendo y les pido que al mismo tiempo entiendan que lo m\u00e1s sencillo ser\u00eda no hacer nada y resignarnos a perder la seguridad\u201d, declar\u00f3.<\/p><\/blockquote>\n\n\n\n<p>En respuesta a las inquietudes ciudadanas, el mandatario estatal inform\u00f3 que determin\u00f3 algunas medidas para aliviar el impacto econ\u00f3mico del reemplacamiento:<\/p>\n\n\n\n<ul class=\"wp-block-list\"><li>Los 1,631 pesos en las placas se extender\u00e1 hasta el 31 de julio.&nbsp;<\/li><li>Durante este periodo, el gobierno estatal absorber\u00e1 el aumento de precio que deber\u00eda darse en febrero por la actualizaci\u00f3n de la inflaci\u00f3n.<\/li><li>A trav\u00e9s de convenios con instituciones bancarias y financieras, se est\u00e1n gestionando facilidades para pagos sin intereses. Los detalles se dar\u00e1n a conocer en los pr\u00f3ximos d\u00edas.<\/li><li>Adultos mayores y personas con alguna discapacidad, s\u00f3lo pagan la mitad del costo durante todo el a\u00f1o.<\/li><\/ul>\n\n\n\n<p class=\"has-large-font-size\"><strong>M\u00e1s seguridad<\/strong><\/p>\n\n\n\n<p>Kuri Gonz\u00e1lez hizo un llamado a la ciudadania para que en conjunto se mantenga la paz social y la tranquilidad, asimismo, pidi\u00f3 a quienes habitan en el estado pero emplazan fuera, a que sean solidarios para mantener la seguridad en el estado.<\/p>\n\n\n\n<p>En este sentido, apunt\u00f3 que desde el gobierno del estado se emprender\u00e1n <strong>\u201clas medidas que sean necesarias\u201d para blindar a Quer\u00e9taro<\/strong> y evitar que la violencia de otros estados contaminen\u201d a la entidad.<\/p>\n\n\n\n<blockquote class=\"wp-block-quote is-style-large is-layout-flow wp-block-quote-is-layout-flow\"><p>\u201cPara ello, resulta necesario actualizar el registro del mill\u00f3n de veh\u00edculos que circulan cada d\u00eda en todo el estado\u201d, declar\u00f3.\u00a0<\/p><\/blockquote>\n\n\n\n<p>Record\u00f3 que desde hace 14 a\u00f1os que no se hac\u00eda esta actualizaci\u00f3n y, con este nuevo padr\u00f3n y las nuevas placas, asegur\u00f3 que se podr\u00e1 contar con m\u00e1s vigilancia, informaci\u00f3n e inteligencia para proteger las calles y familias, con arcos de seguridad, c\u00e1maras de videovigilancia y lectores viales que estar\u00e1n enlazados a centros de informaci\u00f3n.<\/p>\n\n\n\n<blockquote class=\"wp-block-quote is-style-large is-layout-flow wp-block-quote-is-layout-flow\"><p>\u201cPiensa en la tecnolog\u00eda de hace 14 a\u00f1os y hay que compararla con lo que tenemos hoy. En tres lustros el mundo ha conocido una revoluci\u00f3n tecnol\u00f3gica, los \u00faltimos avances est\u00e1n incorporados en las nuevas placas para protegernos. As\u00ed podemos identificar la circulaci\u00f3n de veh\u00edculos, sobre todo for\u00e1neos, que est\u00e1n vinculados a delitos en otros estados\u201d, agreg\u00f3.<\/p><\/blockquote>\n\n\n\n<figure><iframe loading=\"lazy\" src=\"https:\/\/www.facebook.com\/plugins\/video.php?height=314&amp;href=https%3A%2F%2Fwww.facebook.com%2FMauricioKuriGonzalez%2Fvideos%2F258573246347200%2F&amp;show_text=false&amp;width=560&amp;t=0\" width=\"560\" height=\"314\" allowfullscreen=\"true\"><\/iframe><\/figure>\n","protected":false},"excerpt":{"rendered":"<p>El gobernador del estado, Mauricio Kuri Gonz\u00e1lez anunci\u00f3 que, consciente de la situaci\u00f3n econ\u00f3mica que enfrentan las familias en este inicio de a\u00f1o y con la finalidad de que puedan &hellip; <a href=\"https:\/\/a3noticias.com.mx\/sandbox\/2022\/01\/09\/extenderan-pago-con-descuento-para-reemplacamiento-vehicular\/\" class=\"more-link\">Leer m\u00e1s<\/a><\/p>\n","protected":false},"author":4,"featured_media":18085,"comment_status":"open","ping_status":"open","sticky":false,"template":"","format":"standard","meta":{"_monsterinsights_skip_tracking":false,"_monsterinsights_sitenote_active":false,"_monsterinsights_sitenote_note":"","_monsterinsights_sitenote_category":0,"footnotes":""},"categories":[2],"tags":[],"class_list":["post-18084","post","type-post","status-publish","format-standard","has-post-thumbnail","hentry","category-qro","entry"],"aioseo_notices":[],"_links":{"self":[{"href":"https:\/\/a3noticias.com.mx\/sandbox\/wp-json\/wp\/v2\/posts\/18084","targetHints":{"allow":["GET"]}}],"collection":[{"href":"https:\/\/a3noticias.com.mx\/sandbox\/wp-json\/wp\/v2\/posts"}],"about":[{"href":"https:\/\/a3noticias.com.mx\/sandbox\/wp-json\/wp\/v2\/types\/post"}],"author":[{"embeddable":true,"href":"https:\/\/a3noticias.com.mx\/sandbox\/wp-json\/wp\/v2\/users\/4"}],"replies":[{"embeddable":true,"href":"https:\/\/a3noticias.com.mx\/sandbox\/wp-json\/wp\/v2\/comments?post=18084"}],"version-history":[{"count":1,"href":"https:\/\/a3noticias.com.mx\/sandbox\/wp-json\/wp\/v2\/posts\/18084\/revisions"}],"predecessor-version":[{"id":18086,"href":"https:\/\/a3noticias.com.mx\/sandbox\/wp-json\/wp\/v2\/posts\/18084\/revisions\/18086"}],"wp:featuredmedia":[{"embeddable":true,"href":"https:\/\/a3noticias.com.mx\/sandbox\/wp-json\/wp\/v2\/media\/18085"}],"wp:attachment":[{"href":"https:\/\/a3noticias.com.mx\/sandbox\/wp-json\/wp\/v2\/media?parent=18084"}],"wp:term":[{"taxonomy":"category","embeddable":true,"href":"https:\/\/a3noticias.com.mx\/sandbox\/wp-json\/wp\/v2\/categories?post=18084"},{"taxonomy":"post_tag","embeddable":true,"href":"https:\/\/a3noticias.com.mx\/sandbox\/wp-json\/wp\/v2\/tags?post=18084"}],"curies":[{"name":"wp","href":"https:\/\/api.w.org\/{rel}","templated":true}]}}