{"id":18087,"date":"2022-01-10T09:39:14","date_gmt":"2022-01-10T15:39:14","guid":{"rendered":"https:\/\/a3noticias.com.mx\/sandbox\/?p=18087"},"modified":"2022-01-10T09:39:16","modified_gmt":"2022-01-10T15:39:16","slug":"tras-amanecer-ronco-amlo-se-realizara-prueba-de-covid","status":"publish","type":"post","link":"https:\/\/a3noticias.com.mx\/sandbox\/2022\/01\/10\/tras-amanecer-ronco-amlo-se-realizara-prueba-de-covid\/","title":{"rendered":"Tras amanecer ronco, AMLO se realizar\u00e1 prueba de Covid"},"content":{"rendered":"\n<p>Esta ma\u00f1ana durante la conferencia matutina que ofrece el presidente de la Rep\u00fablica, Andr\u00e9s Manuel L\u00f3pez Obrador, se not\u00f3 la voz del mandatario federal m\u00e1s grave de lo normal, ante los cuestionamientos sobre su ronquera, declar\u00f3 haber amanecido agripado, por lo que se realizar\u00e1 una prueba de Covid.<\/p>\n\n\n\n<p>Se\u00f1al\u00f3 que seguramente se trata solo de una \u201cgripa\u201d normal, pero que para descartar se realizara una prueba Covid.<\/p>\n\n\n\n<blockquote class=\"wp-block-quote is-layout-flow wp-block-quote-is-layout-flow\"><p>\u00abAmanec\u00ed ronco, me voy a hacer la prueba m\u00e1s tarde, pero yo creo que es gripa\u00bb, apunt\u00f3.<\/p><\/blockquote>\n\n\n\n<p>Durante la ma\u00f1anera, AMLO mostr\u00f3 en el Sal\u00f3n de la Tesorer\u00eda las gr\u00e1ficas de contagios de Covid-19 en el pa\u00eds, en el que se ha registrado un incremento en los casos activos de la enfermedad debido a la alta transmisibilidad de la nueva variante \u00d3micron, sin embrago, asegur\u00f3 que aunque se ha reflejado un aumento en los contagios, no han aumentado las hospitalizaciones, ni los fallecimientos, lo que supone que esta nueva variante no posee el mismo nivel de letalidad que otras cepas.<\/p>\n\n\n\n<blockquote class=\"wp-block-quote is-layout-flow wp-block-quote-is-layout-flow\"><p>\u00abS\u00ed hay contagios crecientes, pero afortunadamente todav\u00eda no se refleja en hospitalizaciones y lo m\u00e1s importante en fallecimientos, o sea que&#8230; Este es fallecimientos, no tiene pues la misma peligrosidad, letalidad que las otras variantes o que la otra variante Delta\u00bb, agreg\u00f3 desde Palacio Nacional.<\/p><\/blockquote>\n\n\n\n<p>Cabe resaltar que el presidente sostuvo contacto d\u00edas antes con la Secretaria de Econom\u00eda, Tatiana Clouthier, quien el pasado viernes anunci\u00f3 estar contagiada de Covid-19.<\/p>\n","protected":false},"excerpt":{"rendered":"<p>Esta ma\u00f1ana durante la conferencia matutina que ofrece el presidente de la Rep\u00fablica, Andr\u00e9s Manuel L\u00f3pez Obrador, se not\u00f3 la voz del mandatario federal m\u00e1s grave de lo normal, ante &hellip; <a href=\"https:\/\/a3noticias.com.mx\/sandbox\/2022\/01\/10\/tras-amanecer-ronco-amlo-se-realizara-prueba-de-covid\/\" class=\"more-link\">Leer m\u00e1s<\/a><\/p>\n","protected":false},"author":4,"featured_media":18088,"comment_status":"open","ping_status":"open","sticky":false,"template":"","format":"standard","meta":{"_monsterinsights_skip_tracking":false,"_monsterinsights_sitenote_active":false,"_monsterinsights_sitenote_note":"","_monsterinsights_sitenote_category":0,"footnotes":""},"categories":[3],"tags":[],"class_list":["post-18087","post","type-post","status-publish","format-standard","has-post-thumbnail","hentry","category-nal","entry"],"aioseo_notices":[],"_links":{"self":[{"href":"https:\/\/a3noticias.com.mx\/sandbox\/wp-json\/wp\/v2\/posts\/18087","targetHints":{"allow":["GET"]}}],"collection":[{"href":"https:\/\/a3noticias.com.mx\/sandbox\/wp-json\/wp\/v2\/posts"}],"about":[{"href":"https:\/\/a3noticias.com.mx\/sandbox\/wp-json\/wp\/v2\/types\/post"}],"author":[{"embeddable":true,"href":"https:\/\/a3noticias.com.mx\/sandbox\/wp-json\/wp\/v2\/users\/4"}],"replies":[{"embeddable":true,"href":"https:\/\/a3noticias.com.mx\/sandbox\/wp-json\/wp\/v2\/comments?post=18087"}],"version-history":[{"count":1,"href":"https:\/\/a3noticias.com.mx\/sandbox\/wp-json\/wp\/v2\/posts\/18087\/revisions"}],"predecessor-version":[{"id":18089,"href":"https:\/\/a3noticias.com.mx\/sandbox\/wp-json\/wp\/v2\/posts\/18087\/revisions\/18089"}],"wp:featuredmedia":[{"embeddable":true,"href":"https:\/\/a3noticias.com.mx\/sandbox\/wp-json\/wp\/v2\/media\/18088"}],"wp:attachment":[{"href":"https:\/\/a3noticias.com.mx\/sandbox\/wp-json\/wp\/v2\/media?parent=18087"}],"wp:term":[{"taxonomy":"category","embeddable":true,"href":"https:\/\/a3noticias.com.mx\/sandbox\/wp-json\/wp\/v2\/categories?post=18087"},{"taxonomy":"post_tag","embeddable":true,"href":"https:\/\/a3noticias.com.mx\/sandbox\/wp-json\/wp\/v2\/tags?post=18087"}],"curies":[{"name":"wp","href":"https:\/\/api.w.org\/{rel}","templated":true}]}}