{"id":18090,"date":"2022-01-10T10:36:26","date_gmt":"2022-01-10T16:36:26","guid":{"rendered":"https:\/\/a3noticias.com.mx\/sandbox\/?p=18090"},"modified":"2022-01-10T10:36:29","modified_gmt":"2022-01-10T16:36:29","slug":"uaq-volvera-a-clases-presenciales-de-manera-gradual-y-responsable-teresa-garcia-gasca","status":"publish","type":"post","link":"https:\/\/a3noticias.com.mx\/sandbox\/2022\/01\/10\/uaq-volvera-a-clases-presenciales-de-manera-gradual-y-responsable-teresa-garcia-gasca\/","title":{"rendered":"UAQ volver\u00e1 a clases presenciales de manera gradual y responsable: Teresa Garc\u00eda Gasca"},"content":{"rendered":"\n<p>Luego de m\u00e1s de un a\u00f1o y medio de clases en modalidad virtual, la rectora de la m\u00e1xima casa de estudios en la entidad, Teresa Garc\u00eda Gasca, anunci\u00f3 que la Universidad Aut\u00f3noma de Quer\u00e9taro, volver\u00e1 a clases presenciales de manera gradual y responsable, respetando las disposiciones establecidas en un sem\u00e1foro naranja.<\/p>\n\n\n\n<p>Asimismo, se\u00f1al\u00f3 que hasta ahora las clases se mantendr\u00e1n de forma h\u00edbrida debido a la cuarta ola de Covid que se atraviesa a nivel mundial y que el regreso presencial ser\u00e1 de manera escalonada.<\/p>\n\n\n\n<blockquote class=\"wp-block-quote is-layout-flow wp-block-quote-is-layout-flow\"><p>\u201cPresenciales e h\u00edbridas, de momento, esta cuarta ola nos mantendr\u00e1 en un escenario m\u00e1s conservador, pero avanzando poco a poquito\u201d apunt\u00f3.<\/p><\/blockquote>\n\n\n\n<p>Se\u00f1al\u00f3 que las clases en modo digital se retomar\u00e1n este pr\u00f3ximo 17 de enero y que ser\u00e1 el 24 de enero cuando cada unidad acad\u00e9mica emita sus disposiciones para el regreso a clases presenciales, el cual se llevar\u00e1 a cabo de manera h\u00edbrida. Puntualiz\u00f3 que para este fin, se priorizar\u00e1n las actividades pr\u00e1cticas y se mantendr\u00e1 de manera virtual las te\u00f3ricas.<\/p>\n\n\n\n<p>Con esto se busca no saturar los campus universitarios, ni la movilidad en las diferentes ciudades donde la UAQ tiene presencia puesto que \u201cno hay prisa\u201d.<\/p>\n\n\n\n<p>Resalt\u00f3 que para este nuevo semestre, la UAQ recibir\u00e1 a mil 278 nuevos estudiantes que se suman a 50 licenciaturas de 10 facultades, lo que corresponde a que el 44% de licenciaturas recibieron nuevos integrantes en al menos 7 municipios del estado.<\/p>\n\n\n\n<p>De acuerdo con la rectora de la instituci\u00f3n, la Licenciatura en contadur\u00eda fue la m\u00e1s solicitada este semestre, pues representa el 31 por ciento de las inscripciones de la UAQ, mientras que la facultad con menor porcentaje de cobertura es medicina.<\/p>\n","protected":false},"excerpt":{"rendered":"<p>Luego de m\u00e1s de un a\u00f1o y medio de clases en modalidad virtual, la rectora de la m\u00e1xima casa de estudios en la entidad, Teresa Garc\u00eda Gasca, anunci\u00f3 que la &hellip; <a href=\"https:\/\/a3noticias.com.mx\/sandbox\/2022\/01\/10\/uaq-volvera-a-clases-presenciales-de-manera-gradual-y-responsable-teresa-garcia-gasca\/\" class=\"more-link\">Leer m\u00e1s<\/a><\/p>\n","protected":false},"author":4,"featured_media":18092,"comment_status":"open","ping_status":"open","sticky":false,"template":"","format":"standard","meta":{"_monsterinsights_skip_tracking":false,"_monsterinsights_sitenote_active":false,"_monsterinsights_sitenote_note":"","_monsterinsights_sitenote_category":0,"footnotes":""},"categories":[2],"tags":[],"class_list":["post-18090","post","type-post","status-publish","format-standard","has-post-thumbnail","hentry","category-qro","entry"],"aioseo_notices":[],"_links":{"self":[{"href":"https:\/\/a3noticias.com.mx\/sandbox\/wp-json\/wp\/v2\/posts\/18090","targetHints":{"allow":["GET"]}}],"collection":[{"href":"https:\/\/a3noticias.com.mx\/sandbox\/wp-json\/wp\/v2\/posts"}],"about":[{"href":"https:\/\/a3noticias.com.mx\/sandbox\/wp-json\/wp\/v2\/types\/post"}],"author":[{"embeddable":true,"href":"https:\/\/a3noticias.com.mx\/sandbox\/wp-json\/wp\/v2\/users\/4"}],"replies":[{"embeddable":true,"href":"https:\/\/a3noticias.com.mx\/sandbox\/wp-json\/wp\/v2\/comments?post=18090"}],"version-history":[{"count":1,"href":"https:\/\/a3noticias.com.mx\/sandbox\/wp-json\/wp\/v2\/posts\/18090\/revisions"}],"predecessor-version":[{"id":18093,"href":"https:\/\/a3noticias.com.mx\/sandbox\/wp-json\/wp\/v2\/posts\/18090\/revisions\/18093"}],"wp:featuredmedia":[{"embeddable":true,"href":"https:\/\/a3noticias.com.mx\/sandbox\/wp-json\/wp\/v2\/media\/18092"}],"wp:attachment":[{"href":"https:\/\/a3noticias.com.mx\/sandbox\/wp-json\/wp\/v2\/media?parent=18090"}],"wp:term":[{"taxonomy":"category","embeddable":true,"href":"https:\/\/a3noticias.com.mx\/sandbox\/wp-json\/wp\/v2\/categories?post=18090"},{"taxonomy":"post_tag","embeddable":true,"href":"https:\/\/a3noticias.com.mx\/sandbox\/wp-json\/wp\/v2\/tags?post=18090"}],"curies":[{"name":"wp","href":"https:\/\/api.w.org\/{rel}","templated":true}]}}