{"id":18095,"date":"2022-01-10T11:46:06","date_gmt":"2022-01-10T17:46:06","guid":{"rendered":"https:\/\/a3noticias.com.mx\/sandbox\/?p=18095"},"modified":"2022-01-10T11:46:08","modified_gmt":"2022-01-10T17:46:08","slug":"regresan-a-clases-presenciales-460-escuelas-en-queretaro","status":"publish","type":"post","link":"https:\/\/a3noticias.com.mx\/sandbox\/2022\/01\/10\/regresan-a-clases-presenciales-460-escuelas-en-queretaro\/","title":{"rendered":"Regresan a clases presenciales 460 escuelas en Quer\u00e9taro"},"content":{"rendered":"\n<p>Este lunes 460 planteles educativos de nivel b\u00e1sico en la entidad se reincorporaron a clases presenciales, bajo un esquema h\u00edbrido.<\/p>\n\n\n\n<p>De acuerdo con Alma D\u00edaz de Le\u00f3n, profesora de la escuela Secundaria Epigmenio Gonz\u00e1lez, solo el 15 por ciento del alumnado opt\u00f3 por seguir con trabajo en casa, de mil 500 alumnos que posee la escuela en total con respecto a los turnos matutino y vespertino.<\/p>\n\n\n\n<blockquote class=\"wp-block-quote is-layout-flow wp-block-quote-is-layout-flow\"><p>\u201cAlgunos decidieron no regresar, se les hizo a los pap\u00e1s un peque\u00f1o cuestionario y obviamente los padres de familia decidieron qu\u00e9 hijos pueden regresar a presencial y cu\u00e1les se iban a quedar en su casa, obviamente de manera voluntaria y bueno, sigue su trabajo a distancia\u201d apunt\u00f3.<\/p><\/blockquote>\n\n\n\n<p>Para este fin, lo docentes trabajar\u00e1n subgrupos de m\u00e1ximo 20 estudiantes por sal\u00f3n de clases, los cuales asistir\u00e1n de manera alternada, asimismo, se\u00f1al\u00f3 que se modificaron los horarios de clases para que los recesos no concordaran.<\/p>\n\n\n\n<p>En esta escuela existen en total 18 grupos, correspondientes a 3 por cada grado de primero, segundo y tercero, con un total de 1,500 alumnos entre ambos turnos, de los cuales, por instrucciones de la USEBEQ con respecto a los protocolos sanitarios para un retorno a clases seguro, la instituci\u00f3n puede tener una cuadrilla estudiantil en modo presencial de 360 alumnos por turno como m\u00e1ximo.<\/p>\n\n\n\n<blockquote class=\"wp-block-quote is-layout-flow wp-block-quote-is-layout-flow\"><p>\u00a0\u201cRecalcar que una de las finalidades de la educaci\u00f3n es la no exclusi\u00f3n y darle la oportunidad a todos los alumnos de que contin\u00faen sus estudios y esta modalidad nos permite tanto a los que vienen a presencial en los dos subgrupos, como a una peque\u00f1a cantidad de alumnos que siguen en l\u00ednea que sigan siendo atendidos\u201d declar\u00f3 Judith Cuevas, maestra de secundaria de dicha instituci\u00f3n.<\/p><\/blockquote>\n\n\n\n<p>Ante el regreso a clases en modalidad presencial, los docentes externaron estar listos y preparados para afrontar la situaci\u00f3n en conjunto con los padres de familia, a quienes se les incita a vigilar constantemente el estado de salud de sus hijos y no llevarlos a la escuela en caso de presentar alg\u00fan s\u00edntoma de infecci\u00f3n respiratoria.<\/p>\n\n\n\n<p>Por su parte, los padres de los estudiantes se han mostrado optimistas, pues en muchos casos ya lo consideraban necesario por el bien emocional y mental de sus hijos.<\/p>\n\n\n\n<blockquote class=\"wp-block-quote is-layout-flow wp-block-quote-is-layout-flow\"><p>\u00a0\u201cYo creo que estamos todos con el nervio de las nuevas variantes y dem\u00e1s, pero tambi\u00e9n estamos consientes de que si somos consientes todos podemos hacer que este regreso sea bueno para los alumnos, por lo mismo de que tambi\u00e9n est\u00e1n en casa, no conocen a sus compa\u00f1eros y que necesitan estar en contacto con sus profesores\u201d expres\u00f3 Diana Castillo del Toro, mam\u00e1 de estudiante de la escuela Secundaria Epigmenio Gonz\u00e1lez.<\/p><\/blockquote>\n\n\n\n<p>Mediante los filtros sanitarios se espera detectar cualquier situaci\u00f3n an\u00f3mala a fin de evitar contagios en las escuelas que acaban de aperturar sus aulas.<\/p>\n\n\n\n<p>Cabe se\u00f1alar que los docentes de la entidad ser\u00e1n vacunados con dosis de refuerzo contra el Covid-19 a partir del pr\u00f3ximo 12 al 15 de enero.<\/p>\n","protected":false},"excerpt":{"rendered":"<p>Este lunes 460 planteles educativos de nivel b\u00e1sico en la entidad se reincorporaron a clases presenciales, bajo un esquema h\u00edbrido. De acuerdo con Alma D\u00edaz de Le\u00f3n, profesora de la &hellip; <a href=\"https:\/\/a3noticias.com.mx\/sandbox\/2022\/01\/10\/regresan-a-clases-presenciales-460-escuelas-en-queretaro\/\" class=\"more-link\">Leer m\u00e1s<\/a><\/p>\n","protected":false},"author":4,"featured_media":18096,"comment_status":"open","ping_status":"open","sticky":false,"template":"","format":"standard","meta":{"_monsterinsights_skip_tracking":false,"_monsterinsights_sitenote_active":false,"_monsterinsights_sitenote_note":"","_monsterinsights_sitenote_category":0,"footnotes":""},"categories":[2],"tags":[],"class_list":["post-18095","post","type-post","status-publish","format-standard","has-post-thumbnail","hentry","category-qro","entry"],"aioseo_notices":[],"_links":{"self":[{"href":"https:\/\/a3noticias.com.mx\/sandbox\/wp-json\/wp\/v2\/posts\/18095","targetHints":{"allow":["GET"]}}],"collection":[{"href":"https:\/\/a3noticias.com.mx\/sandbox\/wp-json\/wp\/v2\/posts"}],"about":[{"href":"https:\/\/a3noticias.com.mx\/sandbox\/wp-json\/wp\/v2\/types\/post"}],"author":[{"embeddable":true,"href":"https:\/\/a3noticias.com.mx\/sandbox\/wp-json\/wp\/v2\/users\/4"}],"replies":[{"embeddable":true,"href":"https:\/\/a3noticias.com.mx\/sandbox\/wp-json\/wp\/v2\/comments?post=18095"}],"version-history":[{"count":1,"href":"https:\/\/a3noticias.com.mx\/sandbox\/wp-json\/wp\/v2\/posts\/18095\/revisions"}],"predecessor-version":[{"id":18097,"href":"https:\/\/a3noticias.com.mx\/sandbox\/wp-json\/wp\/v2\/posts\/18095\/revisions\/18097"}],"wp:featuredmedia":[{"embeddable":true,"href":"https:\/\/a3noticias.com.mx\/sandbox\/wp-json\/wp\/v2\/media\/18096"}],"wp:attachment":[{"href":"https:\/\/a3noticias.com.mx\/sandbox\/wp-json\/wp\/v2\/media?parent=18095"}],"wp:term":[{"taxonomy":"category","embeddable":true,"href":"https:\/\/a3noticias.com.mx\/sandbox\/wp-json\/wp\/v2\/categories?post=18095"},{"taxonomy":"post_tag","embeddable":true,"href":"https:\/\/a3noticias.com.mx\/sandbox\/wp-json\/wp\/v2\/tags?post=18095"}],"curies":[{"name":"wp","href":"https:\/\/api.w.org\/{rel}","templated":true}]}}