{"id":18098,"date":"2022-01-10T13:04:26","date_gmt":"2022-01-10T19:04:26","guid":{"rendered":"https:\/\/a3noticias.com.mx\/sandbox\/?p=18098"},"modified":"2022-01-10T13:04:28","modified_gmt":"2022-01-10T19:04:28","slug":"alistan-vacunacion-para-personal-educativo-en-queretaro","status":"publish","type":"post","link":"https:\/\/a3noticias.com.mx\/sandbox\/2022\/01\/10\/alistan-vacunacion-para-personal-educativo-en-queretaro\/","title":{"rendered":"Alistan vacunaci\u00f3n para personal educativo en Quer\u00e9taro"},"content":{"rendered":"\n<p>El personal educativo de la entidad ser\u00e1 vacunado con la dosis de refuerzo contra el Covid-19, a partir de este mi\u00e9rcoles 12 y hasta el pr\u00f3ximo s\u00e1bado 15 de enero, anunci\u00f3 la Secretaria de Educaci\u00f3n Estatal, Martha Elena Soto Obreg\u00f3n.<\/p>\n\n\n\n<p>Apunt\u00f3 que esta campa\u00f1a de vacunaci\u00f3n de refuerzo al personal docente, se realiza en coordinaci\u00f3n con la Secretar\u00eda de la Defensa Nacional y la Secretar\u00eda de Salud de Estado, para la cual, bajo el esquema de la jornada anterior, ya se cuenta con el listado del personal que ser\u00e1 inoculado, el cual incluye docentes, investigadores, directivos, administrativos y personal de apoyo de todas las instituciones p\u00fablicas y privadas del estado.<\/p>\n\n\n\n<p>Se\u00f1al\u00f3 que para este fin, se encuentra habilitado el portal&nbsp;<a href=\"https:\/\/vacunaeducacion.queretaro.gob.mx\/sisvaced\/citas\/generacion\">https:\/\/vacunaeducacion.queretaro.gob.mx\/sisvaced\/citas\/generacion<\/a>, para que los interesados puedan registrarse y ser tomados en cuenta para esta jornada. Cabe destacar que el portal se cerrar\u00e1 este 12 de enero a las 10 de la noche.<\/p>\n\n\n\n<p>La vacuna que se aplicar\u00e1 al personal educativo ser\u00e1 de la famace\u00fatica moderna y para ello se dispondr\u00e1 de cinco sedes: El Ecocentro Expositor, para los municipios de Quer\u00e9taro, Huimilpan, Corregidora y El Marqu\u00e9s; la UAQ Campus San Juan del R\u00edo, para los municipios de San Juan del R\u00edo, Tequisquiapan, Pedro Escobedo y Amealco; el Centro Deportivo Cadereyta, para los municipios de Cadereyta, San Joaqu\u00edn y Ezequiel Montes; el Auditorio Municipal de Col\u00f3n, para los municipios de Col\u00f3n, Tolim\u00e1n y Pe\u00f1amiller; y el Auditorio Municipal de Jalpan, para los municipios de Jalpan, Landa de Matamoros, Arroyo Seco y Pinal de Amoles.<\/p>\n\n\n\n<p>Al presentarse ser\u00e1 necesario llevar su formato de cita impreso (el cual se obtuvo con su registro en la p\u00e1gina), as\u00ed como el formato de refuerzo de vacunaci\u00f3n e identificaci\u00f3n oficial.<\/p>\n","protected":false},"excerpt":{"rendered":"<p>El personal educativo de la entidad ser\u00e1 vacunado con la dosis de refuerzo contra el Covid-19, a partir de este mi\u00e9rcoles 12 y hasta el pr\u00f3ximo s\u00e1bado 15 de enero, &hellip; <a href=\"https:\/\/a3noticias.com.mx\/sandbox\/2022\/01\/10\/alistan-vacunacion-para-personal-educativo-en-queretaro\/\" class=\"more-link\">Leer m\u00e1s<\/a><\/p>\n","protected":false},"author":4,"featured_media":18099,"comment_status":"open","ping_status":"open","sticky":false,"template":"","format":"standard","meta":{"_monsterinsights_skip_tracking":false,"_monsterinsights_sitenote_active":false,"_monsterinsights_sitenote_note":"","_monsterinsights_sitenote_category":0,"footnotes":""},"categories":[2],"tags":[],"class_list":["post-18098","post","type-post","status-publish","format-standard","has-post-thumbnail","hentry","category-qro","entry"],"aioseo_notices":[],"_links":{"self":[{"href":"https:\/\/a3noticias.com.mx\/sandbox\/wp-json\/wp\/v2\/posts\/18098","targetHints":{"allow":["GET"]}}],"collection":[{"href":"https:\/\/a3noticias.com.mx\/sandbox\/wp-json\/wp\/v2\/posts"}],"about":[{"href":"https:\/\/a3noticias.com.mx\/sandbox\/wp-json\/wp\/v2\/types\/post"}],"author":[{"embeddable":true,"href":"https:\/\/a3noticias.com.mx\/sandbox\/wp-json\/wp\/v2\/users\/4"}],"replies":[{"embeddable":true,"href":"https:\/\/a3noticias.com.mx\/sandbox\/wp-json\/wp\/v2\/comments?post=18098"}],"version-history":[{"count":1,"href":"https:\/\/a3noticias.com.mx\/sandbox\/wp-json\/wp\/v2\/posts\/18098\/revisions"}],"predecessor-version":[{"id":18100,"href":"https:\/\/a3noticias.com.mx\/sandbox\/wp-json\/wp\/v2\/posts\/18098\/revisions\/18100"}],"wp:featuredmedia":[{"embeddable":true,"href":"https:\/\/a3noticias.com.mx\/sandbox\/wp-json\/wp\/v2\/media\/18099"}],"wp:attachment":[{"href":"https:\/\/a3noticias.com.mx\/sandbox\/wp-json\/wp\/v2\/media?parent=18098"}],"wp:term":[{"taxonomy":"category","embeddable":true,"href":"https:\/\/a3noticias.com.mx\/sandbox\/wp-json\/wp\/v2\/categories?post=18098"},{"taxonomy":"post_tag","embeddable":true,"href":"https:\/\/a3noticias.com.mx\/sandbox\/wp-json\/wp\/v2\/tags?post=18098"}],"curies":[{"name":"wp","href":"https:\/\/api.w.org\/{rel}","templated":true}]}}