{"id":18107,"date":"2022-01-10T15:55:14","date_gmt":"2022-01-10T21:55:14","guid":{"rendered":"https:\/\/a3noticias.com.mx\/sandbox\/?p=18107"},"modified":"2022-01-10T15:55:16","modified_gmt":"2022-01-10T21:55:16","slug":"presentan-contigo-estrategia-para-combatir-la-desigualdad-y-garantizar-necesidades-de-los-ciudadanos","status":"publish","type":"post","link":"https:\/\/a3noticias.com.mx\/sandbox\/2022\/01\/10\/presentan-contigo-estrategia-para-combatir-la-desigualdad-y-garantizar-necesidades-de-los-ciudadanos\/","title":{"rendered":"Presentan \u00abContigo\u00bb, estrategia para combatir la desigualdad y garantizar  necesidades de los ciudadanos."},"content":{"rendered":"\n<p>&nbsp;La Secretar\u00eda de Desarrollo Social llev\u00f3 a cabo la presentaci\u00f3n de su estrategia \u201cContigo, \u201d cuyo objetivo es reducir la pobreza en Quer\u00e9taro, combatir la desigualdad y garantizar las diversas necesidades de los ciudadanos.&nbsp;<\/p>\n\n\n\n<blockquote class=\"wp-block-quote is-layout-flow wp-block-quote-is-layout-flow\"><p>\u201cEl primer objetivo del gobierno estatal es lograr un piso parejo de derechos sociales, establecer una red de protecci\u00f3n a grupos vulnerables y en tercer lugar potenciar las capacidades productivas de las personas\u201d\u00a0<\/p><\/blockquote>\n\n\n\n<p>De acuerdo con Agustin Dorantes, Titular de SEDESOQ, mediante esta pol\u00edtica social se busca que todas las personas tengan las mismas posibilidades de acceder a una educaci\u00f3n de calidad, servicios de salud, protecci\u00f3n social, inclusi\u00f3n al mercado laboral y al cr\u00e9dito.&nbsp;<\/p>\n\n\n\n<blockquote class=\"wp-block-quote is-layout-flow wp-block-quote-is-layout-flow\"><p>\u201cContigo no debe ser una estrategia m\u00e1s, se debe lograr un verdadero proyecto de transformaci\u00f3n social, encabezado por el gobierno del estado que se erige a partir de la necesidad de revertir esta desigualdad que golpea a los grupos m\u00e1s vulnerables\u201d.\u00a0<\/p><\/blockquote>\n\n\n\n<p>Por su parte, el gobernador del estado, Mauricio Kur Gonz\u00e1lez, destac\u00f3 que mediante esta estrategia se busca combatir las diferencias sociales que se acentuaron a\u00fan m\u00e1s con la pandemia por covid-19.&nbsp;<\/p>\n","protected":false},"excerpt":{"rendered":"<p>&nbsp;La Secretar\u00eda de Desarrollo Social llev\u00f3 a cabo la presentaci\u00f3n de su estrategia \u201cContigo, \u201d cuyo objetivo es reducir la pobreza en Quer\u00e9taro, combatir la desigualdad y garantizar las diversas &hellip; <a href=\"https:\/\/a3noticias.com.mx\/sandbox\/2022\/01\/10\/presentan-contigo-estrategia-para-combatir-la-desigualdad-y-garantizar-necesidades-de-los-ciudadanos\/\" class=\"more-link\">Leer m\u00e1s<\/a><\/p>\n","protected":false},"author":2,"featured_media":18108,"comment_status":"open","ping_status":"open","sticky":false,"template":"","format":"standard","meta":{"_monsterinsights_skip_tracking":false,"_monsterinsights_sitenote_active":false,"_monsterinsights_sitenote_note":"","_monsterinsights_sitenote_category":0,"footnotes":""},"categories":[2],"tags":[],"class_list":["post-18107","post","type-post","status-publish","format-standard","has-post-thumbnail","hentry","category-qro","entry"],"aioseo_notices":[],"_links":{"self":[{"href":"https:\/\/a3noticias.com.mx\/sandbox\/wp-json\/wp\/v2\/posts\/18107","targetHints":{"allow":["GET"]}}],"collection":[{"href":"https:\/\/a3noticias.com.mx\/sandbox\/wp-json\/wp\/v2\/posts"}],"about":[{"href":"https:\/\/a3noticias.com.mx\/sandbox\/wp-json\/wp\/v2\/types\/post"}],"author":[{"embeddable":true,"href":"https:\/\/a3noticias.com.mx\/sandbox\/wp-json\/wp\/v2\/users\/2"}],"replies":[{"embeddable":true,"href":"https:\/\/a3noticias.com.mx\/sandbox\/wp-json\/wp\/v2\/comments?post=18107"}],"version-history":[{"count":1,"href":"https:\/\/a3noticias.com.mx\/sandbox\/wp-json\/wp\/v2\/posts\/18107\/revisions"}],"predecessor-version":[{"id":18109,"href":"https:\/\/a3noticias.com.mx\/sandbox\/wp-json\/wp\/v2\/posts\/18107\/revisions\/18109"}],"wp:featuredmedia":[{"embeddable":true,"href":"https:\/\/a3noticias.com.mx\/sandbox\/wp-json\/wp\/v2\/media\/18108"}],"wp:attachment":[{"href":"https:\/\/a3noticias.com.mx\/sandbox\/wp-json\/wp\/v2\/media?parent=18107"}],"wp:term":[{"taxonomy":"category","embeddable":true,"href":"https:\/\/a3noticias.com.mx\/sandbox\/wp-json\/wp\/v2\/categories?post=18107"},{"taxonomy":"post_tag","embeddable":true,"href":"https:\/\/a3noticias.com.mx\/sandbox\/wp-json\/wp\/v2\/tags?post=18107"}],"curies":[{"name":"wp","href":"https:\/\/api.w.org\/{rel}","templated":true}]}}