{"id":18110,"date":"2022-01-11T09:02:43","date_gmt":"2022-01-11T15:02:43","guid":{"rendered":"https:\/\/a3noticias.com.mx\/sandbox\/?p=18110"},"modified":"2022-01-11T09:02:44","modified_gmt":"2022-01-11T15:02:44","slug":"queretaro-registro-230-contagios-en-los-ultimos-tres-dias","status":"publish","type":"post","link":"https:\/\/a3noticias.com.mx\/sandbox\/2022\/01\/11\/queretaro-registro-230-contagios-en-los-ultimos-tres-dias\/","title":{"rendered":"Quer\u00e9taro registr\u00f3 230 contagios en los \u00faltimos tres d\u00edas"},"content":{"rendered":"\n<p>La Secretar\u00eda de Salud en Quer\u00e9taro inform\u00f3 que del s\u00e1bado 8 al lunes 10 de enero se registraron en la entidad 230 nuevos contagios de Covid-19, aunados a siete defunciones a causa de esta enfermedad.<\/p>\n\n\n\n<p>El s\u00e1bado se registraron 77, el domingo 116 y el lunes 3, se trata de 146 mujeres y 84 hombres.<\/p>\n\n\n\n<p>Las defunciones se trataron de una mujer de 43 y un hombre de 66 a\u00f1os, sin comorbilidades, as\u00ed como tres hombres, de 36, 75 y 84 a\u00f1os, y dos mujeres de 65 y 70 a\u00f1os, con diversas comorbilidades, que se encontraban hospitalizados por coronavirus.<\/p>\n\n\n\n<p>El registro acumulado es de 101 mil 438 casos en Quer\u00e9taro desde que inici\u00f3 la pandemia, de los cuales, 51% son mujeres y 49% son hombres.<\/p>\n\n\n\n<p>Asimismo, se dio de alta sanitaria a 132 pacientes, con lo que se tiene un registro de 94 mil 822 altas (93.49%).<\/p>\n\n\n\n<p>Con sintomatolog\u00eda leve, aislamiento y manejo en su domicilio hay 438 pacientes y 52 hospitalizados, 22 de los cuales se encuentran graves. Se han registrado seis mil 126 defunciones.<\/p>\n\n\n\n<p>Con relaci\u00f3n a la disponibilidad de camas de hospitalizaci\u00f3n general y con ventilador, con informaci\u00f3n de este 9 de enero, se tiene una ocupaci\u00f3n de 13 por ciento, con base en la Red Negativa de Infecciones Respiratorias Agudas (IRAG).<\/p>\n\n\n\n<p>En Quer\u00e9taro se registra 9 por ciento de ocupaci\u00f3n de camas con ventilador y 16 por ciento en camas sin ventilador.<\/p>\n\n\n\n<p>Se exhorta a la poblaci\u00f3n a no automedicarse y, para prevenir la transmisi\u00f3n, lavarse las manos de manera frecuente con agua y jab\u00f3n o utilizar soluciones alcoholadas a 70%, usar cubreboca al salir de casa y mantener sana distancia entre personas (de 1.5 a dos metros).<\/p>\n\n\n\n<p>Asimismo, a quedarse en casa cuando se tienen enfermedades respiratorias y comunicarse al\u00a0<em>call center<\/em>\u00a0estatal 4421015205, para recibir orientaci\u00f3n m\u00e9dica si se presenta alguno de los s\u00edntomas o signos como: dificultad para respirar (dato de gravedad), fiebre (mayor a 38 grados), dolor de cabeza, tos, dolor de garganta, escurrimiento nasal, dolor de pecho, alteraci\u00f3n del olfato o del sentido del gusto.<\/p>\n\n\n\n<p><\/p>\n","protected":false},"excerpt":{"rendered":"<p>La Secretar\u00eda de Salud en Quer\u00e9taro inform\u00f3 que del s\u00e1bado 8 al lunes 10 de enero se registraron en la entidad 230 nuevos contagios de Covid-19, aunados a siete defunciones &hellip; <a href=\"https:\/\/a3noticias.com.mx\/sandbox\/2022\/01\/11\/queretaro-registro-230-contagios-en-los-ultimos-tres-dias\/\" class=\"more-link\">Leer m\u00e1s<\/a><\/p>\n","protected":false},"author":4,"featured_media":18111,"comment_status":"open","ping_status":"open","sticky":false,"template":"","format":"standard","meta":{"_monsterinsights_skip_tracking":false,"_monsterinsights_sitenote_active":false,"_monsterinsights_sitenote_note":"","_monsterinsights_sitenote_category":0,"footnotes":""},"categories":[2],"tags":[],"class_list":["post-18110","post","type-post","status-publish","format-standard","has-post-thumbnail","hentry","category-qro","entry"],"aioseo_notices":[],"_links":{"self":[{"href":"https:\/\/a3noticias.com.mx\/sandbox\/wp-json\/wp\/v2\/posts\/18110","targetHints":{"allow":["GET"]}}],"collection":[{"href":"https:\/\/a3noticias.com.mx\/sandbox\/wp-json\/wp\/v2\/posts"}],"about":[{"href":"https:\/\/a3noticias.com.mx\/sandbox\/wp-json\/wp\/v2\/types\/post"}],"author":[{"embeddable":true,"href":"https:\/\/a3noticias.com.mx\/sandbox\/wp-json\/wp\/v2\/users\/4"}],"replies":[{"embeddable":true,"href":"https:\/\/a3noticias.com.mx\/sandbox\/wp-json\/wp\/v2\/comments?post=18110"}],"version-history":[{"count":1,"href":"https:\/\/a3noticias.com.mx\/sandbox\/wp-json\/wp\/v2\/posts\/18110\/revisions"}],"predecessor-version":[{"id":18112,"href":"https:\/\/a3noticias.com.mx\/sandbox\/wp-json\/wp\/v2\/posts\/18110\/revisions\/18112"}],"wp:featuredmedia":[{"embeddable":true,"href":"https:\/\/a3noticias.com.mx\/sandbox\/wp-json\/wp\/v2\/media\/18111"}],"wp:attachment":[{"href":"https:\/\/a3noticias.com.mx\/sandbox\/wp-json\/wp\/v2\/media?parent=18110"}],"wp:term":[{"taxonomy":"category","embeddable":true,"href":"https:\/\/a3noticias.com.mx\/sandbox\/wp-json\/wp\/v2\/categories?post=18110"},{"taxonomy":"post_tag","embeddable":true,"href":"https:\/\/a3noticias.com.mx\/sandbox\/wp-json\/wp\/v2\/tags?post=18110"}],"curies":[{"name":"wp","href":"https:\/\/api.w.org\/{rel}","templated":true}]}}