{"id":18113,"date":"2022-01-11T09:43:49","date_gmt":"2022-01-11T15:43:49","guid":{"rendered":"https:\/\/a3noticias.com.mx\/sandbox\/?p=18113"},"modified":"2022-01-11T09:43:52","modified_gmt":"2022-01-11T15:43:52","slug":"amlo-aparece-a-traves-de-video-en-la-mananera-me-siento-bastante-bien","status":"publish","type":"post","link":"https:\/\/a3noticias.com.mx\/sandbox\/2022\/01\/11\/amlo-aparece-a-traves-de-video-en-la-mananera-me-siento-bastante-bien\/","title":{"rendered":"AMLO aparece, a trav\u00e9s de video, en \u00abLa Ma\u00f1anera\u00bb: Me siento bastante bien."},"content":{"rendered":"\n<p>Luego de que se diera a conocer la noticia de que el presidente, Andr\u00e9s Manuel L\u00f3pez Obrador, ha adquirido por segunda ocasi\u00f3n el virus, hizo su aparici\u00f3n a trav\u00e9s de un v\u00eddeo durante la conferencia \u201cLa Ma\u00f1anera\u201d.&nbsp;<\/p>\n\n\n\n<p>El jefe del Ejecutivo envi\u00f3 un mensaje a los mexicanos, se\u00f1alando que se encuentra bien, al mismo tiempo que descart\u00f3 necesitar hospitalizaci\u00f3n, durante el v\u00eddeo, el mandatario se tom\u00f3 la temperatura y la oxigenaci\u00f3n para demostrar que tiene niveles normales, y sostuvo que es una de las ventajas de la nueva variante: que no propicia la enfermedad grave.&nbsp;&nbsp;&nbsp;<\/p>\n\n\n\n<blockquote class=\"wp-block-quote is-layout-flow wp-block-quote-is-layout-flow\"><p>\u201cEstoy ronco, af\u00f3nico, pero f\u00edjense que bien, este mensaje es para informar sobre c\u00f3mo me encuentro, pero tambi\u00e9n para transmitirles mi experiencia ahora que me he vuelto a contagiar. (&#8230;.) Me siento bastante bien, entonces creo que afortunadamente no vamos necesitar hospitalizarnos, ni sufrir\u201d.<\/p><\/blockquote>\n\n\n\n<p>Por su parte, el titular de la Secretar\u00eda de Salud, Jorge Alcocer Varela, dijo que estima que el mandatario podr\u00eda regresar a sus actividades presenciales el lunes de la pr\u00f3xima semana, pues argument\u00f3 que el proceso de contagio se ha reducido debido a la vacunaci\u00f3n.&nbsp;&nbsp;<\/p>\n\n\n\n<p>En ese sentido, Hugo L\u00f3pez-Gatell resalt\u00f3 que, pese a que la curva de casos ha subido, s\u00f3lo una proporci\u00f3n mucho menor necesitar\u00e1 hospitalizaci\u00f3n,&nbsp; gracias a la vacunaci\u00f3n, asimismo se\u00f1al\u00f3 que.a pesar de que \u00f3micron se est\u00e1 convirtiendo en la variante preponderante en M\u00e9xico, superando a Delta, las muertes derivadas de \u00e9sta no han aumentado.&nbsp;<\/p>\n\n\n\n<blockquote class=\"wp-block-quote is-layout-flow wp-block-quote-is-layout-flow\"><p>\u201cLa variante \u00f3micron, que se est\u00e1 convirtiendo en la variante preponderante en M\u00e9xico, tiene una caracter\u00edstica importante que ayuda a visualizar el por qu\u00e9 se ha separado la relativa ocurrencia de casos con la lenta de hospitalizaciones\u201d.<\/p><\/blockquote>\n","protected":false},"excerpt":{"rendered":"<p>Luego de que se diera a conocer la noticia de que el presidente, Andr\u00e9s Manuel L\u00f3pez Obrador, ha adquirido por segunda ocasi\u00f3n el virus, hizo su aparici\u00f3n a trav\u00e9s de &hellip; <a href=\"https:\/\/a3noticias.com.mx\/sandbox\/2022\/01\/11\/amlo-aparece-a-traves-de-video-en-la-mananera-me-siento-bastante-bien\/\" class=\"more-link\">Leer m\u00e1s<\/a><\/p>\n","protected":false},"author":2,"featured_media":18114,"comment_status":"open","ping_status":"open","sticky":false,"template":"","format":"standard","meta":{"_monsterinsights_skip_tracking":false,"_monsterinsights_sitenote_active":false,"_monsterinsights_sitenote_note":"","_monsterinsights_sitenote_category":0,"footnotes":""},"categories":[3],"tags":[],"class_list":["post-18113","post","type-post","status-publish","format-standard","has-post-thumbnail","hentry","category-nal","entry"],"aioseo_notices":[],"_links":{"self":[{"href":"https:\/\/a3noticias.com.mx\/sandbox\/wp-json\/wp\/v2\/posts\/18113","targetHints":{"allow":["GET"]}}],"collection":[{"href":"https:\/\/a3noticias.com.mx\/sandbox\/wp-json\/wp\/v2\/posts"}],"about":[{"href":"https:\/\/a3noticias.com.mx\/sandbox\/wp-json\/wp\/v2\/types\/post"}],"author":[{"embeddable":true,"href":"https:\/\/a3noticias.com.mx\/sandbox\/wp-json\/wp\/v2\/users\/2"}],"replies":[{"embeddable":true,"href":"https:\/\/a3noticias.com.mx\/sandbox\/wp-json\/wp\/v2\/comments?post=18113"}],"version-history":[{"count":1,"href":"https:\/\/a3noticias.com.mx\/sandbox\/wp-json\/wp\/v2\/posts\/18113\/revisions"}],"predecessor-version":[{"id":18115,"href":"https:\/\/a3noticias.com.mx\/sandbox\/wp-json\/wp\/v2\/posts\/18113\/revisions\/18115"}],"wp:featuredmedia":[{"embeddable":true,"href":"https:\/\/a3noticias.com.mx\/sandbox\/wp-json\/wp\/v2\/media\/18114"}],"wp:attachment":[{"href":"https:\/\/a3noticias.com.mx\/sandbox\/wp-json\/wp\/v2\/media?parent=18113"}],"wp:term":[{"taxonomy":"category","embeddable":true,"href":"https:\/\/a3noticias.com.mx\/sandbox\/wp-json\/wp\/v2\/categories?post=18113"},{"taxonomy":"post_tag","embeddable":true,"href":"https:\/\/a3noticias.com.mx\/sandbox\/wp-json\/wp\/v2\/tags?post=18113"}],"curies":[{"name":"wp","href":"https:\/\/api.w.org\/{rel}","templated":true}]}}