{"id":18117,"date":"2022-01-11T10:20:27","date_gmt":"2022-01-11T16:20:27","guid":{"rendered":"https:\/\/a3noticias.com.mx\/sandbox\/?p=18117"},"modified":"2022-01-11T10:20:30","modified_gmt":"2022-01-11T16:20:30","slug":"omicron-se-contagia-por-aire-advierten-investigadores-de-la-unam","status":"publish","type":"post","link":"https:\/\/a3noticias.com.mx\/sandbox\/2022\/01\/11\/omicron-se-contagia-por-aire-advierten-investigadores-de-la-unam\/","title":{"rendered":"\u00d3micron se contagia por aire; advierten investigadores de la UNAM"},"content":{"rendered":"\n<p>La nueva variante de Covid-19, \u00d3micron, es tan contagiosa como el sarampi\u00f3n y altamente transmisible de manera a\u00e9rea, adem\u00e1s es capaz de infectar a aquellos con su esquema de vacunaci\u00f3n completo e incluso con su dosis de refuerzo, afirm\u00f3 el titular de la Comisi\u00f3n Universitaria para la Atenci\u00f3n de la Emergencia del Coronavirus de la UNAM, Samuel Ponce de Le\u00f3n.<\/p>\n\n\n\n<p>De acuerdo con el investigador, el 99 por ciento de los contagios ocurre por transmisi\u00f3n a\u00e9rea, por el contacto con secreciones respiratorias de una persona infectada en cualquier superficie.<\/p>\n\n\n\n<blockquote class=\"wp-block-quote is-layout-flow wp-block-quote-is-layout-flow\"><p>\u201cSi un infectado estornuda en un elevador, \u00d3micron queda en aerosol y al subirse otras personas se pueden contagiar. Hay el mismo riesgo en un coro de iglesia o durante una discusi\u00f3n en un sal\u00f3n de clase\u201d detall\u00f3.<\/p><\/blockquote>\n\n\n\n<p>Adem\u00e1s advirti\u00f3 que \u00d3micron es tan contagiosa como el sarampi\u00f3n y que \u201cMuchos conocidos van a enfermarse\u201d derivado de las vacaciones invernales y las fiestas decembrinas, lo que supondr\u00e1 que los casos continuar\u00e1n increment\u00e1ndose las siguientes semanas a un ritmo \u201ccomo no se ha visto a lo largo la pandemia\u201d.<\/p>\n\n\n\n<p>Ponce de Le\u00f3n, hizo una comparativa entre el nivel de transmisiblidad del sarampi\u00f3n contra el de \u00d3micron y detall\u00f3 que una persona con sarampi\u00f3n infecta a otras 15, en promedio, en ausencia de vacunaci\u00f3n, mientras que \u00f3micron infecta a seis, sin embargo, detall\u00f3 que la clave se encuentra en el tiempo de generaci\u00f3n, es decir, los d\u00edas que transcurren entre que la primera persona contagiada empieza a propagar el virus, hasta que los contagiados por ella tambi\u00e9n son infectivos. Detall\u00f3 que mientras que con el sarampi\u00f3n pasa un promedio de doce d\u00edas, con \u00f3micron solo hacen falta cuatro o cinco d\u00edas.<\/p>\n\n\n\n<blockquote class=\"wp-block-quote is-layout-flow wp-block-quote-is-layout-flow\"><p>\u201cUn caso de sarampi\u00f3n dar\u00eda lugar a 15 casos a los 12 d\u00edas. Un caso de \u00f3micron originar\u00eda otros seis a los cuatro d\u00edas, 36 casos a los ocho d\u00edas y 216 a los 12 d\u00edas\u201d se\u00f1al\u00f3.<\/p><\/blockquote>\n\n\n\n<p>Adem\u00e1s asever\u00f3 que la vida no volver\u00e1 a ser como la conoc\u00edamos y que deberemos adoptar estas nuevas medidas sanitarias como un medio de vida por lo menos en algunos periodos estacionales.<\/p>\n\n\n\n<blockquote class=\"wp-block-quote is-layout-flow wp-block-quote-is-layout-flow\"><p>\u201cNo, no vamos a volver a nuestras pr\u00e1cticas anteriores. Tenemos que aprender a vivir con precauciones respiratorias, con higiene, con cubrebocas, con ventilaci\u00f3n, particularmente en algunas \u00e9pocas del a\u00f1o\u201d asent\u00f3.<\/p><\/blockquote>\n\n\n\n<p>Por su parte, el historiador y m\u00e9dico&nbsp;Anton Erkoreka&nbsp;detall\u00f3 para el peri\u00f3dico El Pa\u00eds, que \u00d3micron \u201cEs el virus m\u00e1s explosivo y el de m\u00e1s r\u00e1pida difusi\u00f3n de la historia\u201d; mientras que&nbsp; el m\u00e9dico Roby Bhattacharyya, experto en enfermedades infecciosas del Hospital General de Massachusetts, afirm\u00f3 tambi\u00e9n que&nbsp;\u00d3micron no tiene rival y que es el virus conocido con la propagaci\u00f3n m\u00e1s r\u00e1pida de la historia.<\/p>\n","protected":false},"excerpt":{"rendered":"<p>La nueva variante de Covid-19, \u00d3micron, es tan contagiosa como el sarampi\u00f3n y altamente transmisible de manera a\u00e9rea, adem\u00e1s es capaz de infectar a aquellos con su esquema de vacunaci\u00f3n &hellip; <a href=\"https:\/\/a3noticias.com.mx\/sandbox\/2022\/01\/11\/omicron-se-contagia-por-aire-advierten-investigadores-de-la-unam\/\" class=\"more-link\">Leer m\u00e1s<\/a><\/p>\n","protected":false},"author":4,"featured_media":18118,"comment_status":"open","ping_status":"open","sticky":false,"template":"","format":"standard","meta":{"_monsterinsights_skip_tracking":false,"_monsterinsights_sitenote_active":false,"_monsterinsights_sitenote_note":"","_monsterinsights_sitenote_category":0,"footnotes":""},"categories":[3],"tags":[],"class_list":["post-18117","post","type-post","status-publish","format-standard","has-post-thumbnail","hentry","category-nal","entry"],"aioseo_notices":[],"_links":{"self":[{"href":"https:\/\/a3noticias.com.mx\/sandbox\/wp-json\/wp\/v2\/posts\/18117","targetHints":{"allow":["GET"]}}],"collection":[{"href":"https:\/\/a3noticias.com.mx\/sandbox\/wp-json\/wp\/v2\/posts"}],"about":[{"href":"https:\/\/a3noticias.com.mx\/sandbox\/wp-json\/wp\/v2\/types\/post"}],"author":[{"embeddable":true,"href":"https:\/\/a3noticias.com.mx\/sandbox\/wp-json\/wp\/v2\/users\/4"}],"replies":[{"embeddable":true,"href":"https:\/\/a3noticias.com.mx\/sandbox\/wp-json\/wp\/v2\/comments?post=18117"}],"version-history":[{"count":1,"href":"https:\/\/a3noticias.com.mx\/sandbox\/wp-json\/wp\/v2\/posts\/18117\/revisions"}],"predecessor-version":[{"id":18119,"href":"https:\/\/a3noticias.com.mx\/sandbox\/wp-json\/wp\/v2\/posts\/18117\/revisions\/18119"}],"wp:featuredmedia":[{"embeddable":true,"href":"https:\/\/a3noticias.com.mx\/sandbox\/wp-json\/wp\/v2\/media\/18118"}],"wp:attachment":[{"href":"https:\/\/a3noticias.com.mx\/sandbox\/wp-json\/wp\/v2\/media?parent=18117"}],"wp:term":[{"taxonomy":"category","embeddable":true,"href":"https:\/\/a3noticias.com.mx\/sandbox\/wp-json\/wp\/v2\/categories?post=18117"},{"taxonomy":"post_tag","embeddable":true,"href":"https:\/\/a3noticias.com.mx\/sandbox\/wp-json\/wp\/v2\/tags?post=18117"}],"curies":[{"name":"wp","href":"https:\/\/api.w.org\/{rel}","templated":true}]}}