{"id":18120,"date":"2022-01-11T10:41:49","date_gmt":"2022-01-11T16:41:49","guid":{"rendered":"https:\/\/a3noticias.com.mx\/sandbox\/?p=18120"},"modified":"2022-01-11T10:41:52","modified_gmt":"2022-01-11T16:41:52","slug":"es-importante-que-nuevo-titular-de-ddhq-sea-un-perfil-activista-sos-discriminacion-y-ojq","status":"publish","type":"post","link":"https:\/\/a3noticias.com.mx\/sandbox\/2022\/01\/11\/es-importante-que-nuevo-titular-de-ddhq-sea-un-perfil-activista-sos-discriminacion-y-ojq\/","title":{"rendered":"Es importante que nuevo titular de DDHQ sea un perfil activista: SOS Discriminaci\u00f3n y OJQ."},"content":{"rendered":"\n<p>Las juventudes de SOS Discriminaci\u00f3n Internacional Quer\u00e9taro y del Observatorio Juvenil por la No Discriminaci\u00f3n Quer\u00e9taro (OJQ), luego de que la LX Legislatura del Estado de Quer\u00e9taro, comenz\u00f3 con el procedimiento para la elecci\u00f3n de la nueva o nuevo titular de la Defensor\u00eda de los Derechos Humanos del Estado de Quer\u00e9taro (DDHQRO), emitieron un comunicado en el que destacaron la importancia de que quien ocupe el puesto de Ombudsman sea un perfil activista.&nbsp;<\/p>\n\n\n\n<p>Entre los luchadores sociales que propusieron, se encuentran Maricruz Ocampo Guerrero; Ana Yolanda L\u00f3pez Dom\u00ednguez; Sergio Arellano Ramos y Walter L\u00f3pez Gonz\u00e1lez, quienes son representantes de lucha de las mujeres, las personas con discapacidad, las juventudes y la diversidad sexual, respectivamente.<\/p>\n\n\n\n<blockquote class=\"wp-block-quote is-layout-flow wp-block-quote-is-layout-flow\"><p>\u201cQue la DDHQRO sea dirigida por un perfil ciudadano, incluyente, sensible, cercano a los diferentes grupos situaci\u00f3n de vulnerabilidad afectados por la discriminaci\u00f3n que es una de las principales causas que generan violaciones a los derechos humanos y que mejor que sea una mujer, una persona con discapacidad, un joven o un integrante de la comunidad LGBT+ quienes contribuyan a fortalecer los derechos humanos en Quer\u00e9taro\u201d<\/p><\/blockquote>\n\n\n\n<p>Por \u00faltimo, las Juventudes de SOS Discriminaci\u00f3n Internacional Quer\u00e9taro y del Observatorio Juvenil por la No Discriminaci\u00f3n Quer\u00e9taro (OJQ) reconocieron la labor constitucional antidiscriminatoria que realiz\u00f3 la Doctora Roxana \u00c1valos V\u00e1zquez, durante su gesti\u00f3n como presidenta de la Defensor\u00eda de los Derechos Humanos en la entidad, pues se\u00f1alaron que su trabajo siempre se enfoc\u00f3 a la defensa de la dignidad humana de todas las personas sin distinciones y libre de prejuicios para garantizar el respeto integral del derecho a la no discriminaci\u00f3n.<\/p>\n","protected":false},"excerpt":{"rendered":"<p>Las juventudes de SOS Discriminaci\u00f3n Internacional Quer\u00e9taro y del Observatorio Juvenil por la No Discriminaci\u00f3n Quer\u00e9taro (OJQ), luego de que la LX Legislatura del Estado de Quer\u00e9taro, comenz\u00f3 con el &hellip; <a href=\"https:\/\/a3noticias.com.mx\/sandbox\/2022\/01\/11\/es-importante-que-nuevo-titular-de-ddhq-sea-un-perfil-activista-sos-discriminacion-y-ojq\/\" class=\"more-link\">Leer m\u00e1s<\/a><\/p>\n","protected":false},"author":2,"featured_media":18121,"comment_status":"open","ping_status":"open","sticky":false,"template":"","format":"standard","meta":{"_monsterinsights_skip_tracking":false,"_monsterinsights_sitenote_active":false,"_monsterinsights_sitenote_note":"","_monsterinsights_sitenote_category":0,"footnotes":""},"categories":[2],"tags":[],"class_list":["post-18120","post","type-post","status-publish","format-standard","has-post-thumbnail","hentry","category-qro","entry"],"aioseo_notices":[],"_links":{"self":[{"href":"https:\/\/a3noticias.com.mx\/sandbox\/wp-json\/wp\/v2\/posts\/18120","targetHints":{"allow":["GET"]}}],"collection":[{"href":"https:\/\/a3noticias.com.mx\/sandbox\/wp-json\/wp\/v2\/posts"}],"about":[{"href":"https:\/\/a3noticias.com.mx\/sandbox\/wp-json\/wp\/v2\/types\/post"}],"author":[{"embeddable":true,"href":"https:\/\/a3noticias.com.mx\/sandbox\/wp-json\/wp\/v2\/users\/2"}],"replies":[{"embeddable":true,"href":"https:\/\/a3noticias.com.mx\/sandbox\/wp-json\/wp\/v2\/comments?post=18120"}],"version-history":[{"count":1,"href":"https:\/\/a3noticias.com.mx\/sandbox\/wp-json\/wp\/v2\/posts\/18120\/revisions"}],"predecessor-version":[{"id":18122,"href":"https:\/\/a3noticias.com.mx\/sandbox\/wp-json\/wp\/v2\/posts\/18120\/revisions\/18122"}],"wp:featuredmedia":[{"embeddable":true,"href":"https:\/\/a3noticias.com.mx\/sandbox\/wp-json\/wp\/v2\/media\/18121"}],"wp:attachment":[{"href":"https:\/\/a3noticias.com.mx\/sandbox\/wp-json\/wp\/v2\/media?parent=18120"}],"wp:term":[{"taxonomy":"category","embeddable":true,"href":"https:\/\/a3noticias.com.mx\/sandbox\/wp-json\/wp\/v2\/categories?post=18120"},{"taxonomy":"post_tag","embeddable":true,"href":"https:\/\/a3noticias.com.mx\/sandbox\/wp-json\/wp\/v2\/tags?post=18120"}],"curies":[{"name":"wp","href":"https:\/\/api.w.org\/{rel}","templated":true}]}}