{"id":18131,"date":"2022-01-11T11:53:41","date_gmt":"2022-01-11T17:53:41","guid":{"rendered":"https:\/\/a3noticias.com.mx\/sandbox\/?p=18131"},"modified":"2022-01-11T11:53:43","modified_gmt":"2022-01-11T17:53:43","slug":"imss-reactiva-permiso-covid-plataforma-para-para-tramitar-incapacidad-temporal","status":"publish","type":"post","link":"https:\/\/a3noticias.com.mx\/sandbox\/2022\/01\/11\/imss-reactiva-permiso-covid-plataforma-para-para-tramitar-incapacidad-temporal\/","title":{"rendered":"IMSS reactiva &#8216;Permiso COVID&#8217;, plataforma para  para tramitar incapacidad temporal."},"content":{"rendered":"\n<p>Con la finalidad de evitar tr\u00e1mites a personas enfermas, el Instituto Mexicano del Seguro Social (IMSS) reactiv\u00f3 la plataforma \u2018Permiso COVID-19 3.0\u2019, para que los trabajadores puedan solicitar una incapacidad temporal por contagio del virus a trav\u00e9s de la p\u00e1gina del IMSS.&nbsp;<\/p>\n\n\n\n<p>De acuerdo con el director general del IMSS, Zo\u00e9 Robledo, en un primer periodo el permiso estar\u00e1 vigente hasta por siete d\u00edas para personas que tienen s\u00edntomas y durante cinco d\u00edas para personas asintom\u00e1ticas; asimismo detall\u00f3 que desde ayer se encuentra habilitada la plataforma en el siguiente enlace <a href=\"https:\/\/www.imss.gob.mx\/covid-19\/permiso\">https:\/\/www.imss.gob.mx\/covid-19\/permiso<\/a> , donde se llenar\u00e1 un cuestionario sobre s\u00edntomas, sin necesidad de contar con el positivo de la enfermedad.<\/p>\n\n\n\n<blockquote class=\"wp-block-quote is-layout-flow wp-block-quote-is-layout-flow\"><p>\u201cEs la tercera versi\u00f3n, el permiso COVID 3.0 para trabajadores con s\u00edntomas o asintom\u00e1ticos con contagio por COVID, y para evitar traslados y la necesidad de tener en todos los casos una prueba confirmatoria, lo pueden hacer en l\u00ednea, en la app IMSS DIGITAL\u201d.<\/p><\/blockquote>\n\n\n\n<p>Record\u00f3 que este tr\u00e1mite lo dise\u00f1\u00f3 y puso en marcha el IMSS en marzo de 2020 como una manera eficiente para reducir riesgos y romper cadenas de contagio, y ahora se vuelve a reactivar en beneficio de la salud de los derechohabientes.\u00a0<\/p>\n\n\n\n<figure class=\"wp-block-embed-twitter wp-block-embed is-type-rich is-provider-twitter\"><div class=\"wp-block-embed__wrapper\">\n<blockquote class=\"twitter-tweet\" data-width=\"550\" data-dnt=\"true\"><p lang=\"es\" dir=\"ltr\">Ante el reciente aumento de contagios anunciamos el relanzamiento del Permiso Covid 3.0. <br><br>Un tr\u00e1mite en l\u00ednea m\u00e1s flexible para la incapacidad temporal: ya no sujeto al sem\u00e1foro epidemiol\u00f3gico y sin la necesidad de visitar los servicios m\u00e9dicos de <a href=\"https:\/\/twitter.com\/Tu_IMSS?ref_src=twsrc%5Etfw\">@Tu_IMSS<\/a>. \u00bfC\u00f3mo tramitarlo? \ud83d\udc47 <a href=\"https:\/\/t.co\/t1v9l8ho0W\">pic.twitter.com\/t1v9l8ho0W<\/a><\/p>&mdash; Zo\u00e9 Robledo (@zoerobledo) <a href=\"https:\/\/twitter.com\/zoerobledo\/status\/1480912749412691968?ref_src=twsrc%5Etfw\">January 11, 2022<\/a><\/blockquote><script async src=\"https:\/\/platform.twitter.com\/widgets.js\" charset=\"utf-8\"><\/script>\n<\/div><\/figure>\n","protected":false},"excerpt":{"rendered":"<p>Con la finalidad de evitar tr\u00e1mites a personas enfermas, el Instituto Mexicano del Seguro Social (IMSS) reactiv\u00f3 la plataforma \u2018Permiso COVID-19 3.0\u2019, para que los trabajadores puedan solicitar una incapacidad &hellip; <a href=\"https:\/\/a3noticias.com.mx\/sandbox\/2022\/01\/11\/imss-reactiva-permiso-covid-plataforma-para-para-tramitar-incapacidad-temporal\/\" class=\"more-link\">Leer m\u00e1s<\/a><\/p>\n","protected":false},"author":2,"featured_media":18136,"comment_status":"open","ping_status":"open","sticky":false,"template":"","format":"standard","meta":{"_monsterinsights_skip_tracking":false,"_monsterinsights_sitenote_active":false,"_monsterinsights_sitenote_note":"","_monsterinsights_sitenote_category":0,"footnotes":""},"categories":[3],"tags":[],"class_list":["post-18131","post","type-post","status-publish","format-standard","has-post-thumbnail","hentry","category-nal","entry"],"aioseo_notices":[],"_links":{"self":[{"href":"https:\/\/a3noticias.com.mx\/sandbox\/wp-json\/wp\/v2\/posts\/18131","targetHints":{"allow":["GET"]}}],"collection":[{"href":"https:\/\/a3noticias.com.mx\/sandbox\/wp-json\/wp\/v2\/posts"}],"about":[{"href":"https:\/\/a3noticias.com.mx\/sandbox\/wp-json\/wp\/v2\/types\/post"}],"author":[{"embeddable":true,"href":"https:\/\/a3noticias.com.mx\/sandbox\/wp-json\/wp\/v2\/users\/2"}],"replies":[{"embeddable":true,"href":"https:\/\/a3noticias.com.mx\/sandbox\/wp-json\/wp\/v2\/comments?post=18131"}],"version-history":[{"count":1,"href":"https:\/\/a3noticias.com.mx\/sandbox\/wp-json\/wp\/v2\/posts\/18131\/revisions"}],"predecessor-version":[{"id":18137,"href":"https:\/\/a3noticias.com.mx\/sandbox\/wp-json\/wp\/v2\/posts\/18131\/revisions\/18137"}],"wp:featuredmedia":[{"embeddable":true,"href":"https:\/\/a3noticias.com.mx\/sandbox\/wp-json\/wp\/v2\/media\/18136"}],"wp:attachment":[{"href":"https:\/\/a3noticias.com.mx\/sandbox\/wp-json\/wp\/v2\/media?parent=18131"}],"wp:term":[{"taxonomy":"category","embeddable":true,"href":"https:\/\/a3noticias.com.mx\/sandbox\/wp-json\/wp\/v2\/categories?post=18131"},{"taxonomy":"post_tag","embeddable":true,"href":"https:\/\/a3noticias.com.mx\/sandbox\/wp-json\/wp\/v2\/tags?post=18131"}],"curies":[{"name":"wp","href":"https:\/\/api.w.org\/{rel}","templated":true}]}}