{"id":18133,"date":"2022-01-11T11:53:15","date_gmt":"2022-01-11T17:53:15","guid":{"rendered":"https:\/\/a3noticias.com.mx\/sandbox\/?p=18133"},"modified":"2022-01-11T11:54:53","modified_gmt":"2022-01-11T17:54:53","slug":"sep-confirma-que-por-omicron-ha-disminuido-numero-de-estudiantes-en-las-aulas-a-nivel-nacional","status":"publish","type":"post","link":"https:\/\/a3noticias.com.mx\/sandbox\/2022\/01\/11\/sep-confirma-que-por-omicron-ha-disminuido-numero-de-estudiantes-en-las-aulas-a-nivel-nacional\/","title":{"rendered":"SEP confirma que por \u00d3micron ha disminuido n\u00famero de estudiantes en las aulas a nivel nacional"},"content":{"rendered":"\n<p>La titular de la Secretar\u00eda de Educaci\u00f3n P\u00fablica (SEP), Delfina G\u00f3mez \u00c1lvarez, afirm\u00f3 durante la conferencia matutina de este martes, que ha habido una reducci\u00f3n del 42.8 por ciento de estudiantes en las aulas escolares, debido a la cuarta ola de la pandemia de Covid por la que cruza el pa\u00eds.<\/p>\n\n\n\n<p>Se\u00f1al\u00f3 que derivado del miedo que ha provocado la aparici\u00f3n de la nueva variante \u00d3micron, muchos padres y madres de familia han optado por no llevar a clases presenciales a sus hijos, por lo que de 25 millones de estudiantes que hay en el pa\u00eds, solo 17 millones 500 est\u00e1n asistiendo de manera presencial.<\/p>\n\n\n\n<blockquote class=\"wp-block-quote is-layout-flow wp-block-quote-is-layout-flow\"><p>\u201cSe ha reducido precisamente la asistencia de alumnos. Ahorita tenemos un aproximado de cerca de 17 millones y medio. Ha sido un proceso dif\u00edcil (porque) claro que hay miedo e incertidumbre\u201d, acot\u00f3 Delfina G\u00f3mez.<\/p><\/blockquote>\n\n\n\n<p>La funcionaria exhort\u00f3 a las instituciones a mantener sus puertas abiertas, salvo en casos excepcionales y apunt\u00f3 que al momento se tiene un promedio de un mill\u00f3n 800 mil maestros que dan clase de manera presencial en las aulas escolares.<\/p>\n\n\n\n<p>Destac\u00f3 la labor de padres de familia, docentes y alumnos quienes han trabajado en conjunto con constancia y disciplina, para continuar avanzado con el regreso a las actividades presenciales de manera segura.<\/p>\n\n\n\n<p>Por \u00faltimo, se\u00f1al\u00f3 que en este regreso a clases presenciales se continuar\u00e1n aplicando los protocolos sanitarios en las instituciones educativas del pa\u00eds, as\u00ed como el personal docente deber\u00e1 informar de manera inmediata cualquier anomal\u00eda a fin de evitar brotes de contagios en las escuelas.<\/p>\n","protected":false},"excerpt":{"rendered":"<p>La titular de la Secretar\u00eda de Educaci\u00f3n P\u00fablica (SEP), Delfina G\u00f3mez \u00c1lvarez, afirm\u00f3 durante la conferencia matutina de este martes, que ha habido una reducci\u00f3n del 42.8 por ciento de &hellip; <a href=\"https:\/\/a3noticias.com.mx\/sandbox\/2022\/01\/11\/sep-confirma-que-por-omicron-ha-disminuido-numero-de-estudiantes-en-las-aulas-a-nivel-nacional\/\" class=\"more-link\">Leer m\u00e1s<\/a><\/p>\n","protected":false},"author":4,"featured_media":18138,"comment_status":"open","ping_status":"open","sticky":false,"template":"","format":"standard","meta":{"_monsterinsights_skip_tracking":false,"_monsterinsights_sitenote_active":false,"_monsterinsights_sitenote_note":"","_monsterinsights_sitenote_category":0,"footnotes":""},"categories":[3],"tags":[],"class_list":["post-18133","post","type-post","status-publish","format-standard","has-post-thumbnail","hentry","category-nal","entry"],"aioseo_notices":[],"_links":{"self":[{"href":"https:\/\/a3noticias.com.mx\/sandbox\/wp-json\/wp\/v2\/posts\/18133","targetHints":{"allow":["GET"]}}],"collection":[{"href":"https:\/\/a3noticias.com.mx\/sandbox\/wp-json\/wp\/v2\/posts"}],"about":[{"href":"https:\/\/a3noticias.com.mx\/sandbox\/wp-json\/wp\/v2\/types\/post"}],"author":[{"embeddable":true,"href":"https:\/\/a3noticias.com.mx\/sandbox\/wp-json\/wp\/v2\/users\/4"}],"replies":[{"embeddable":true,"href":"https:\/\/a3noticias.com.mx\/sandbox\/wp-json\/wp\/v2\/comments?post=18133"}],"version-history":[{"count":1,"href":"https:\/\/a3noticias.com.mx\/sandbox\/wp-json\/wp\/v2\/posts\/18133\/revisions"}],"predecessor-version":[{"id":18135,"href":"https:\/\/a3noticias.com.mx\/sandbox\/wp-json\/wp\/v2\/posts\/18133\/revisions\/18135"}],"wp:featuredmedia":[{"embeddable":true,"href":"https:\/\/a3noticias.com.mx\/sandbox\/wp-json\/wp\/v2\/media\/18138"}],"wp:attachment":[{"href":"https:\/\/a3noticias.com.mx\/sandbox\/wp-json\/wp\/v2\/media?parent=18133"}],"wp:term":[{"taxonomy":"category","embeddable":true,"href":"https:\/\/a3noticias.com.mx\/sandbox\/wp-json\/wp\/v2\/categories?post=18133"},{"taxonomy":"post_tag","embeddable":true,"href":"https:\/\/a3noticias.com.mx\/sandbox\/wp-json\/wp\/v2\/tags?post=18133"}],"curies":[{"name":"wp","href":"https:\/\/api.w.org\/{rel}","templated":true}]}}