{"id":18139,"date":"2022-01-11T14:03:59","date_gmt":"2022-01-11T20:03:59","guid":{"rendered":"https:\/\/a3noticias.com.mx\/sandbox\/?p=18139"},"modified":"2022-01-11T14:04:02","modified_gmt":"2022-01-11T20:04:02","slug":"gobierno-federal-anuncia-cambios-en-gabinete-de-amlo","status":"publish","type":"post","link":"https:\/\/a3noticias.com.mx\/sandbox\/2022\/01\/11\/gobierno-federal-anuncia-cambios-en-gabinete-de-amlo\/","title":{"rendered":"Gobierno federal anuncia cambios en gabinete de AMLO."},"content":{"rendered":"\n<p>Este martes, mientras el presidente Andr\u00e9s Manuel L\u00f3pez Obrador se encuentra aislado por haber dado positivo a COVID-19 por segunda ocasi\u00f3n, realiz\u00f3 designaciones en el Gabinete Legal y Ampliado, por lo que el secretario de Gobernaci\u00f3n, Ad\u00e1n Augusto L\u00f3pez Hern\u00e1ndez dio posesi\u00f3n del cargo a nuevos funcionarios.&nbsp;<\/p>\n\n\n\n<p>A trav\u00e9s de un comunicado, el gobierno federal anunci\u00f3 las cinco modificaciones junto con una breve semblanza:<\/p>\n\n\n\n<ul class=\"wp-block-list\"><li><strong>Ariadna Montiel Reyes<\/strong>, quien hasta hoy fung\u00eda como subsecretaria de Bienestar, pasar\u00e1 a ser la titular de la dependencia.\u00a0<\/li><li><strong>Mar\u00eda del Roc\u00edo Garc\u00eda P\u00e9rez<\/strong>, ocupar\u00e1 el puesto de Montiel Reyes como subsecretaria de Bienestar.\u00a0<\/li><li><strong>Rogelio Jim\u00e9nez Pons<\/strong>, ahora ex director del Fonatur, ser\u00e1 el nuevo subsecretario de Transportes de la Secretar\u00eda de Infraestructura, Comunicaciones y Transportes (SICT).\u00a0<\/li><li><strong>Javier May Rodr\u00edguez<\/strong>, quien era secretario del Bienestar, tendr\u00e1 el cargo que ostentaba Jim\u00e9nez Pons, y se convierte en el nuevo director general del Fondo Nacional de Fomento Tur\u00edstico (Fonatur).\u00a0<\/li><li><strong>Carlos Mor\u00e1n Moguel<\/strong> ser\u00e1 el nuevo director general del Aeropuerto Internacional de la Ciudad de M\u00e9xico (AICM) \u201cBenito Ju\u00e1rez\u201d.\u00a0<\/li><\/ul>\n\n\n\n<p>Recientemente, el mandatario federal hab\u00eda anunciado que pensaba hacer nuevos nombramientos en las embajadas y el resto del servicio exterior mexicano, sin embargo, descart\u00f3 que los cambios fueran a hacerse dentro de su gabinete.\u00a0<\/p>\n\n\n\n<figure class=\"wp-block-embed-twitter wp-block-embed is-type-rich is-provider-twitter\"><div class=\"wp-block-embed__wrapper\">\n<blockquote class=\"twitter-tweet\" data-width=\"550\" data-dnt=\"true\"><p lang=\"es\" dir=\"ltr\"><a href=\"https:\/\/twitter.com\/hashtag\/ComunicadoPresidente?src=hash&amp;ref_src=twsrc%5Etfw\">#ComunicadoPresidente<\/a><br><br>El presidente <a href=\"https:\/\/twitter.com\/lopezobrador_?ref_src=twsrc%5Etfw\">@lopezobrador_<\/a> realiza nombramientos; secretario de <a href=\"https:\/\/twitter.com\/SEGOB_mx?ref_src=twsrc%5Etfw\">@SEGOB_mx<\/a> dio posesi\u00f3n del cargo a nuevos titulares de la Secretar\u00eda y Subsecretar\u00eda de Bienestar; Subsecretar\u00eda de Transportes, Fonatur y AICM<a href=\"https:\/\/t.co\/328ssnhUo5\">https:\/\/t.co\/328ssnhUo5<\/a> <a href=\"https:\/\/t.co\/LbxC4AsXff\">pic.twitter.com\/LbxC4AsXff<\/a><\/p>&mdash; Gobierno de M\u00e9xico (@GobiernoMX) <a href=\"https:\/\/twitter.com\/GobiernoMX\/status\/1480981432541528072?ref_src=twsrc%5Etfw\">January 11, 2022<\/a><\/blockquote><script async src=\"https:\/\/platform.twitter.com\/widgets.js\" charset=\"utf-8\"><\/script>\n<\/div><\/figure>\n","protected":false},"excerpt":{"rendered":"<p>Este martes, mientras el presidente Andr\u00e9s Manuel L\u00f3pez Obrador se encuentra aislado por haber dado positivo a COVID-19 por segunda ocasi\u00f3n, realiz\u00f3 designaciones en el Gabinete Legal y Ampliado, por &hellip; <a href=\"https:\/\/a3noticias.com.mx\/sandbox\/2022\/01\/11\/gobierno-federal-anuncia-cambios-en-gabinete-de-amlo\/\" class=\"more-link\">Leer m\u00e1s<\/a><\/p>\n","protected":false},"author":2,"featured_media":18140,"comment_status":"open","ping_status":"open","sticky":false,"template":"","format":"standard","meta":{"_monsterinsights_skip_tracking":false,"_monsterinsights_sitenote_active":false,"_monsterinsights_sitenote_note":"","_monsterinsights_sitenote_category":0,"footnotes":""},"categories":[3],"tags":[],"class_list":["post-18139","post","type-post","status-publish","format-standard","has-post-thumbnail","hentry","category-nal","entry"],"aioseo_notices":[],"_links":{"self":[{"href":"https:\/\/a3noticias.com.mx\/sandbox\/wp-json\/wp\/v2\/posts\/18139","targetHints":{"allow":["GET"]}}],"collection":[{"href":"https:\/\/a3noticias.com.mx\/sandbox\/wp-json\/wp\/v2\/posts"}],"about":[{"href":"https:\/\/a3noticias.com.mx\/sandbox\/wp-json\/wp\/v2\/types\/post"}],"author":[{"embeddable":true,"href":"https:\/\/a3noticias.com.mx\/sandbox\/wp-json\/wp\/v2\/users\/2"}],"replies":[{"embeddable":true,"href":"https:\/\/a3noticias.com.mx\/sandbox\/wp-json\/wp\/v2\/comments?post=18139"}],"version-history":[{"count":1,"href":"https:\/\/a3noticias.com.mx\/sandbox\/wp-json\/wp\/v2\/posts\/18139\/revisions"}],"predecessor-version":[{"id":18141,"href":"https:\/\/a3noticias.com.mx\/sandbox\/wp-json\/wp\/v2\/posts\/18139\/revisions\/18141"}],"wp:featuredmedia":[{"embeddable":true,"href":"https:\/\/a3noticias.com.mx\/sandbox\/wp-json\/wp\/v2\/media\/18140"}],"wp:attachment":[{"href":"https:\/\/a3noticias.com.mx\/sandbox\/wp-json\/wp\/v2\/media?parent=18139"}],"wp:term":[{"taxonomy":"category","embeddable":true,"href":"https:\/\/a3noticias.com.mx\/sandbox\/wp-json\/wp\/v2\/categories?post=18139"},{"taxonomy":"post_tag","embeddable":true,"href":"https:\/\/a3noticias.com.mx\/sandbox\/wp-json\/wp\/v2\/tags?post=18139"}],"curies":[{"name":"wp","href":"https:\/\/api.w.org\/{rel}","templated":true}]}}