{"id":18158,"date":"2022-01-12T11:35:39","date_gmt":"2022-01-12T17:35:39","guid":{"rendered":"https:\/\/a3noticias.com.mx\/sandbox\/?p=18158"},"modified":"2022-01-12T11:35:41","modified_gmt":"2022-01-12T17:35:41","slug":"adultos-mayores-y-personas-con-discapacidad-en-queretaro-ya-pueden-cobrar-su-recurso-de-pension-para-el-bienestar","status":"publish","type":"post","link":"https:\/\/a3noticias.com.mx\/sandbox\/2022\/01\/12\/adultos-mayores-y-personas-con-discapacidad-en-queretaro-ya-pueden-cobrar-su-recurso-de-pension-para-el-bienestar\/","title":{"rendered":"Adultos mayores y personas con discapacidad en Quer\u00e9taro ya pueden cobrar su recurso de Pensi\u00f3n para el Bienestar"},"content":{"rendered":"\n<p>A partir de este mi\u00e9rcoles 12 de enero y hasta el pr\u00f3ximo lunes 7 de febrero, los adultos mayores y personas con discapacidad en la entidad recibir\u00e1n su recurso de los&nbsp;programas Pensi\u00f3n&nbsp;para el Bienestar de las Personas Adultas Mayores y de Personas con Discapacidad, correspondiente al primer bimestre enero-febrero de 2022, inform\u00f3 la titular de la&nbsp;Secretar\u00eda de Bienestar en Quer\u00e9taro, Roc\u00edo Peniche Vera.<\/p>\n\n\n\n<p>La secretaria de Bienestar Estatal exhort\u00f3 a los empadronados a dichos programas a estar pendientes de su pago, en el que se beneficiar\u00e1 a 154 mil queretanos.<\/p>\n\n\n\n<p>Con respecto a los adultos mayores inscritos al programa, inform\u00f3 que recibir\u00e1n un incremento consistente en alrededor del 20 por ciento, ya que anteriormente el monto que recib\u00edan era de 3 mil 100 pesos y ahora obtendr\u00e1n 3 mil 850 pesos.<\/p>\n\n\n\n<p>Refiri\u00f3 que son 140 mil adultos mayores en el estado inscritos al programa y que el padr\u00f3n de beneficiarios creci\u00f3 con la reciente incorporaci\u00f3n de m\u00e1s de 25 mil personas.<\/p>\n\n\n\n<blockquote class=\"wp-block-quote is-layout-flow wp-block-quote-is-layout-flow\"><p>\u201cEste recurso econ\u00f3mico es adem\u00e1s un pleno reconocimiento a su labor, a su trabajo en la construcci\u00f3n de nuestro pa\u00eds, por ello tambi\u00e9n es universal. En el momento en que cumplen los 65 a\u00f1os podr\u00e1n tramitar su pensi\u00f3n\u201d, apunt\u00f3.<\/p><\/blockquote>\n\n\n\n<p>En cuanto a las personas con discapacidad, indic\u00f3 que se entregar\u00e1 a cada beneficiario 2 mil 800 pesos&nbsp;y que se tiene destinada una inversi\u00f3n de 38.6 millones de pesos para atender a 13 mil 800 ni\u00f1os y j\u00f3venes en el estado.<\/p>\n\n\n\n<p>Refiri\u00f3 que aproximadamente el 60 por ciento de los beneficiarios realiza su cobro con tarjeta bancaria, mientras que el resto lo hace a trav\u00e9s del pago en ventanilla de Telecomunicaciones de M\u00e9xico (Telecomm) y en mesa de atenci\u00f3n, por lo que inst\u00f3 a los beneficiarios que acudan de manera presencial a realizar su cobro a respetar la hora y fecha de su cita, a fin de evitar aglomeraciones en los m\u00f3dulos instalados.<\/p>\n","protected":false},"excerpt":{"rendered":"<p>A partir de este mi\u00e9rcoles 12 de enero y hasta el pr\u00f3ximo lunes 7 de febrero, los adultos mayores y personas con discapacidad en la entidad recibir\u00e1n su recurso de &hellip; <a href=\"https:\/\/a3noticias.com.mx\/sandbox\/2022\/01\/12\/adultos-mayores-y-personas-con-discapacidad-en-queretaro-ya-pueden-cobrar-su-recurso-de-pension-para-el-bienestar\/\" class=\"more-link\">Leer m\u00e1s<\/a><\/p>\n","protected":false},"author":4,"featured_media":18160,"comment_status":"open","ping_status":"open","sticky":false,"template":"","format":"standard","meta":{"_monsterinsights_skip_tracking":false,"_monsterinsights_sitenote_active":false,"_monsterinsights_sitenote_note":"","_monsterinsights_sitenote_category":0,"footnotes":""},"categories":[2],"tags":[],"class_list":["post-18158","post","type-post","status-publish","format-standard","has-post-thumbnail","hentry","category-qro","entry"],"aioseo_notices":[],"_links":{"self":[{"href":"https:\/\/a3noticias.com.mx\/sandbox\/wp-json\/wp\/v2\/posts\/18158","targetHints":{"allow":["GET"]}}],"collection":[{"href":"https:\/\/a3noticias.com.mx\/sandbox\/wp-json\/wp\/v2\/posts"}],"about":[{"href":"https:\/\/a3noticias.com.mx\/sandbox\/wp-json\/wp\/v2\/types\/post"}],"author":[{"embeddable":true,"href":"https:\/\/a3noticias.com.mx\/sandbox\/wp-json\/wp\/v2\/users\/4"}],"replies":[{"embeddable":true,"href":"https:\/\/a3noticias.com.mx\/sandbox\/wp-json\/wp\/v2\/comments?post=18158"}],"version-history":[{"count":1,"href":"https:\/\/a3noticias.com.mx\/sandbox\/wp-json\/wp\/v2\/posts\/18158\/revisions"}],"predecessor-version":[{"id":18161,"href":"https:\/\/a3noticias.com.mx\/sandbox\/wp-json\/wp\/v2\/posts\/18158\/revisions\/18161"}],"wp:featuredmedia":[{"embeddable":true,"href":"https:\/\/a3noticias.com.mx\/sandbox\/wp-json\/wp\/v2\/media\/18160"}],"wp:attachment":[{"href":"https:\/\/a3noticias.com.mx\/sandbox\/wp-json\/wp\/v2\/media?parent=18158"}],"wp:term":[{"taxonomy":"category","embeddable":true,"href":"https:\/\/a3noticias.com.mx\/sandbox\/wp-json\/wp\/v2\/categories?post=18158"},{"taxonomy":"post_tag","embeddable":true,"href":"https:\/\/a3noticias.com.mx\/sandbox\/wp-json\/wp\/v2\/tags?post=18158"}],"curies":[{"name":"wp","href":"https:\/\/api.w.org\/{rel}","templated":true}]}}