{"id":18165,"date":"2022-01-12T12:51:38","date_gmt":"2022-01-12T18:51:38","guid":{"rendered":"https:\/\/a3noticias.com.mx\/sandbox\/?p=18165"},"modified":"2022-01-12T12:51:40","modified_gmt":"2022-01-12T18:51:40","slug":"banamex-no-es-del-interes-del-gobierno-federal-su-prioridad-es-la-inversion-publica","status":"publish","type":"post","link":"https:\/\/a3noticias.com.mx\/sandbox\/2022\/01\/12\/banamex-no-es-del-interes-del-gobierno-federal-su-prioridad-es-la-inversion-publica\/","title":{"rendered":"Banamex no es del inter\u00e9s del gobierno federal, su prioridad es la inversi\u00f3n p\u00fablica."},"content":{"rendered":"\n<p>Luego del anuncio que hizo Citigroup, acerca de la venta de Banamex, el secretario de Gobernaci\u00f3n, Ad\u00e1n Augusto L\u00f3pez, afirm\u00f3 que la Federaci\u00f3n no tiene inter\u00e9s en realizar esta compra, pues destac\u00f3 que la prioridad del gobierno encabezado por Andr\u00e9s Manuel L\u00f3pez Obrador es la inversi\u00f3n p\u00fablica.&nbsp;<\/p>\n\n\n\n<blockquote class=\"wp-block-quote is-layout-flow wp-block-quote-is-layout-flow\"><p>\u201cEl gobierno en este momento est\u00e1 enfocado en los intereses presupuestales, en la inversi\u00f3n p\u00fablica, en la construcci\u00f3n y desarrollo de los grandes proyectos nacionales como la refiner\u00eda en Dos Bocas, el Tren Maya, el \u00cdstmico, el aeropuerto Felipe \u00c1ngeles, que nada m\u00e1s con detonar obras ha sido palanca del desarrollo regional\u201d.<\/p><\/blockquote>\n\n\n\n<p>Al ser cuestionado acerca de si la decisi\u00f3n de Citigroup ser\u00eda o no una mala se\u00f1al sobre la econom\u00eda del pa\u00eds, L\u00f3pez Hern\u00e1ndez rechaz\u00f3 esto, pues asegur\u00f3 que la econom\u00eda nacional se encuentra bien y en plena recuperaci\u00f3n, asimismo aclar\u00f3 que la decisi\u00f3n de Citigroup de la venta de Banamex no tiene relaci\u00f3n con la econom\u00eda nacional, simplemente es un derecho que tiene el grupo de inversionistas, como cualquier otro.<\/p>\n\n\n\n<blockquote class=\"wp-block-quote is-layout-flow wp-block-quote-is-layout-flow\"><p>\u201cNo es mala se\u00f1al, sino el ejercicio de un derecho que tiene un grupo financiero\u201d.<\/p><\/blockquote>\n","protected":false},"excerpt":{"rendered":"<p>Luego del anuncio que hizo Citigroup, acerca de la venta de Banamex, el secretario de Gobernaci\u00f3n, Ad\u00e1n Augusto L\u00f3pez, afirm\u00f3 que la Federaci\u00f3n no tiene inter\u00e9s en realizar esta compra, &hellip; <a href=\"https:\/\/a3noticias.com.mx\/sandbox\/2022\/01\/12\/banamex-no-es-del-interes-del-gobierno-federal-su-prioridad-es-la-inversion-publica\/\" class=\"more-link\">Leer m\u00e1s<\/a><\/p>\n","protected":false},"author":2,"featured_media":18166,"comment_status":"open","ping_status":"open","sticky":false,"template":"","format":"standard","meta":{"_monsterinsights_skip_tracking":false,"_monsterinsights_sitenote_active":false,"_monsterinsights_sitenote_note":"","_monsterinsights_sitenote_category":0,"footnotes":""},"categories":[3],"tags":[],"class_list":["post-18165","post","type-post","status-publish","format-standard","has-post-thumbnail","hentry","category-nal","entry"],"aioseo_notices":[],"_links":{"self":[{"href":"https:\/\/a3noticias.com.mx\/sandbox\/wp-json\/wp\/v2\/posts\/18165","targetHints":{"allow":["GET"]}}],"collection":[{"href":"https:\/\/a3noticias.com.mx\/sandbox\/wp-json\/wp\/v2\/posts"}],"about":[{"href":"https:\/\/a3noticias.com.mx\/sandbox\/wp-json\/wp\/v2\/types\/post"}],"author":[{"embeddable":true,"href":"https:\/\/a3noticias.com.mx\/sandbox\/wp-json\/wp\/v2\/users\/2"}],"replies":[{"embeddable":true,"href":"https:\/\/a3noticias.com.mx\/sandbox\/wp-json\/wp\/v2\/comments?post=18165"}],"version-history":[{"count":1,"href":"https:\/\/a3noticias.com.mx\/sandbox\/wp-json\/wp\/v2\/posts\/18165\/revisions"}],"predecessor-version":[{"id":18167,"href":"https:\/\/a3noticias.com.mx\/sandbox\/wp-json\/wp\/v2\/posts\/18165\/revisions\/18167"}],"wp:featuredmedia":[{"embeddable":true,"href":"https:\/\/a3noticias.com.mx\/sandbox\/wp-json\/wp\/v2\/media\/18166"}],"wp:attachment":[{"href":"https:\/\/a3noticias.com.mx\/sandbox\/wp-json\/wp\/v2\/media?parent=18165"}],"wp:term":[{"taxonomy":"category","embeddable":true,"href":"https:\/\/a3noticias.com.mx\/sandbox\/wp-json\/wp\/v2\/categories?post=18165"},{"taxonomy":"post_tag","embeddable":true,"href":"https:\/\/a3noticias.com.mx\/sandbox\/wp-json\/wp\/v2\/tags?post=18165"}],"curies":[{"name":"wp","href":"https:\/\/api.w.org\/{rel}","templated":true}]}}