{"id":18185,"date":"2022-01-13T09:49:59","date_gmt":"2022-01-13T15:49:59","guid":{"rendered":"https:\/\/a3noticias.com.mx\/sandbox\/?p=18185"},"modified":"2022-01-13T09:50:00","modified_gmt":"2022-01-13T15:50:00","slug":"acuden-a-vacunarse-mas-de-9-mil-docentes-en-primer-dia-de-jornada","status":"publish","type":"post","link":"https:\/\/a3noticias.com.mx\/sandbox\/2022\/01\/13\/acuden-a-vacunarse-mas-de-9-mil-docentes-en-primer-dia-de-jornada\/","title":{"rendered":"Acuden a vacunarse m\u00e1s de 9 mil docentes en primer d\u00eda de jornada"},"content":{"rendered":"\n<p>Durante el primer d\u00eda de la jornada de vacunaci\u00f3n de refuerzo contra el Covid-19 al personal educativo del estado, acudieron a vacunarse nueve mil 100 docentes, quienes recibieron la vacuna Moderna en la sede ubicada en el Ecocentro Expositor, informaron&nbsp;la secretaria de Educaci\u00f3n estatal, Martha Elena Soto Obreg\u00f3n&nbsp;y el coordinador general de la jornada, Agust\u00edn Casillas Guti\u00e9rrez.<\/p>\n\n\n\n<p>Soto Obreg\u00f3n destac\u00f3 que para esta jornada que finalizar\u00e1 el pr\u00f3ximo s\u00e1bado 15 de enero, se tiene previsto aplicar alrededor de 50 mil dosis de refuerzo a docentes, personal administrativo y personal de apoyo, con una afluencia de alrededor de 9 mil personas por d\u00eda.<\/p>\n\n\n\n<p>Refiri\u00f3 que no se espera el cien por ciento del universo del personal educativo que se tiene previsto, debido a que es probable que muchos hayan optado por la vacunaci\u00f3n de acuerdo a su grupo de edad.<\/p>\n\n\n\n<p>Asimismo, con respecto a esto, asent\u00f3 que la posibilidad de que exista un desperdicio de vacunas es m\u00ednimo, pues por ello se abri\u00f3 un registro que brinda un par\u00e1metro que determina cu\u00e1ntas personas asistir\u00e1n a vacunarse por d\u00eda, por lo que el n\u00famero de vacunas por sede es muy precisa.<\/p>\n\n\n\n<p>Detall\u00f3 que hay cinco sedes de vacunaci\u00f3n ubicadas en los municipios de Quer\u00e9taro, San Juan del R\u00edo, Col\u00f3n, Cadereyta y Jalpan y que en la sede del Ecocentro Expositor en espec\u00edfico, se brinda cobertura a los municipios de Quer\u00e9taro, Huimilpan, Corregidora y El Marqu\u00e9s.<\/p>\n","protected":false},"excerpt":{"rendered":"<p>Durante el primer d\u00eda de la jornada de vacunaci\u00f3n de refuerzo contra el Covid-19 al personal educativo del estado, acudieron a vacunarse nueve mil 100 docentes, quienes recibieron la vacuna &hellip; <a href=\"https:\/\/a3noticias.com.mx\/sandbox\/2022\/01\/13\/acuden-a-vacunarse-mas-de-9-mil-docentes-en-primer-dia-de-jornada\/\" class=\"more-link\">Leer m\u00e1s<\/a><\/p>\n","protected":false},"author":4,"featured_media":18186,"comment_status":"open","ping_status":"open","sticky":false,"template":"","format":"standard","meta":{"_monsterinsights_skip_tracking":false,"_monsterinsights_sitenote_active":false,"_monsterinsights_sitenote_note":"","_monsterinsights_sitenote_category":0,"footnotes":""},"categories":[2],"tags":[],"class_list":["post-18185","post","type-post","status-publish","format-standard","has-post-thumbnail","hentry","category-qro","entry"],"aioseo_notices":[],"_links":{"self":[{"href":"https:\/\/a3noticias.com.mx\/sandbox\/wp-json\/wp\/v2\/posts\/18185","targetHints":{"allow":["GET"]}}],"collection":[{"href":"https:\/\/a3noticias.com.mx\/sandbox\/wp-json\/wp\/v2\/posts"}],"about":[{"href":"https:\/\/a3noticias.com.mx\/sandbox\/wp-json\/wp\/v2\/types\/post"}],"author":[{"embeddable":true,"href":"https:\/\/a3noticias.com.mx\/sandbox\/wp-json\/wp\/v2\/users\/4"}],"replies":[{"embeddable":true,"href":"https:\/\/a3noticias.com.mx\/sandbox\/wp-json\/wp\/v2\/comments?post=18185"}],"version-history":[{"count":1,"href":"https:\/\/a3noticias.com.mx\/sandbox\/wp-json\/wp\/v2\/posts\/18185\/revisions"}],"predecessor-version":[{"id":18187,"href":"https:\/\/a3noticias.com.mx\/sandbox\/wp-json\/wp\/v2\/posts\/18185\/revisions\/18187"}],"wp:featuredmedia":[{"embeddable":true,"href":"https:\/\/a3noticias.com.mx\/sandbox\/wp-json\/wp\/v2\/media\/18186"}],"wp:attachment":[{"href":"https:\/\/a3noticias.com.mx\/sandbox\/wp-json\/wp\/v2\/media?parent=18185"}],"wp:term":[{"taxonomy":"category","embeddable":true,"href":"https:\/\/a3noticias.com.mx\/sandbox\/wp-json\/wp\/v2\/categories?post=18185"},{"taxonomy":"post_tag","embeddable":true,"href":"https:\/\/a3noticias.com.mx\/sandbox\/wp-json\/wp\/v2\/tags?post=18185"}],"curies":[{"name":"wp","href":"https:\/\/api.w.org\/{rel}","templated":true}]}}