{"id":18194,"date":"2022-01-13T11:47:09","date_gmt":"2022-01-13T17:47:09","guid":{"rendered":"https:\/\/a3noticias.com.mx\/sandbox\/?p=18194"},"modified":"2022-01-13T11:47:15","modified_gmt":"2022-01-13T17:47:15","slug":"uaq-y-frente-queretano-por-el-dndel-proponen-debate-entre-aspirantes-a-la-presidencia-de-la-ddhq","status":"publish","type":"post","link":"https:\/\/a3noticias.com.mx\/sandbox\/2022\/01\/13\/uaq-y-frente-queretano-por-el-dndel-proponen-debate-entre-aspirantes-a-la-presidencia-de-la-ddhq\/","title":{"rendered":"UAQ y Frente Queretano por el DNDEL proponen debate entre aspirantes a la presidencia de la DDHQ"},"content":{"rendered":"\n<p>Universidad Aut\u00f3noma de Quer\u00e9taro (UAQ) y Frente Queretano por el Derecho a la No Discriminaci\u00f3n y el Estado Laico propusieron que se realice debate entre aspirantes a la presidencia de la Defensor\u00eda de los Derechos Humanos de Quer\u00e9taro (DDHQ), para que as\u00ed la ciudadan\u00eda conozca no s\u00f3lo el perfil curricular de las y los aspirantes, sino tambi\u00e9n su trayectoria en materia de derechos humanos.&nbsp;<\/p>\n\n\n\n<p>De acuerdo a lo anterior, solicitaron a la LX Legislatura del estado de Quer\u00e9taro que establezca un comit\u00e9 de observaci\u00f3n ciudadano para que d\u00e9 acompa\u00f1amiento al proceso de elecci\u00f3n, con la finalidad de que el procedimiento de elecci\u00f3n sea m\u00e1s transparente y no se centre&nbsp; \u00fanicamente a la observancia de las y los 25 integrantes del Congreso local.&nbsp;<\/p>\n\n\n\n<p>El debate est\u00e1 propuesto para el 8 de febrero en el auditorio Fernando D\u00edaz Ram\u00edrez de la UAQ, seg\u00fan se\u00f1al\u00f3 el director de Comunicaci\u00f3n y Medios de la m\u00e1xima casa de estudios del estado, Arturo Marcial Padr\u00f3n y ser\u00e1 llevado a cabo en un formato que atienda las condiciones de la pandemia y tenga el mayor alcance posible para que lo expuesto por las y los aspirantes a la presidencia de la DDHQ sea sometido al escrutinio p\u00fablico.&nbsp;<\/p>\n\n\n\n<p>Por su parte, Walter L\u00f3pez, vocero del Frente Queretano, inform\u00f3 que el 9 de febrero se podr\u00e1n enviar al Congreso Local escritos apoyando a una u otro aspirante. Asimismo indic\u00f3 que m\u00e1s adelante se anunciar\u00e1 un mecanismo para que organizaciones sociales, periodistas y ciudadan\u00eda en general pueda hacer llegar sus dudas e inquietudes para que sean contestadas por las y los participantes en el debate.&nbsp;<\/p>\n\n\n\n<p>L\u00f3pez se\u00f1al\u00f3 que de manera no oficial se tiene conocimiento de que est\u00e1n interesados en la presidencia de la DDHQ: Maricruz Ocampo, Rogelio Estrada, V\u00edctor Garc\u00eda, entre otras personas. De acuerdo con el vocero del Frente Queretano, quien sea elegido para encabezar la Defensor\u00eda, debe ser un perfil con mano izquierda pero que ponga l\u00edmites y que conecte con la gente.<\/p>\n","protected":false},"excerpt":{"rendered":"<p>Universidad Aut\u00f3noma de Quer\u00e9taro (UAQ) y Frente Queretano por el Derecho a la No Discriminaci\u00f3n y el Estado Laico propusieron que se realice debate entre aspirantes a la presidencia de &hellip; <a href=\"https:\/\/a3noticias.com.mx\/sandbox\/2022\/01\/13\/uaq-y-frente-queretano-por-el-dndel-proponen-debate-entre-aspirantes-a-la-presidencia-de-la-ddhq\/\" class=\"more-link\">Leer m\u00e1s<\/a><\/p>\n","protected":false},"author":2,"featured_media":18121,"comment_status":"open","ping_status":"open","sticky":false,"template":"","format":"standard","meta":{"_monsterinsights_skip_tracking":false,"_monsterinsights_sitenote_active":false,"_monsterinsights_sitenote_note":"","_monsterinsights_sitenote_category":0,"footnotes":""},"categories":[2],"tags":[],"class_list":["post-18194","post","type-post","status-publish","format-standard","has-post-thumbnail","hentry","category-qro","entry"],"aioseo_notices":[],"_links":{"self":[{"href":"https:\/\/a3noticias.com.mx\/sandbox\/wp-json\/wp\/v2\/posts\/18194","targetHints":{"allow":["GET"]}}],"collection":[{"href":"https:\/\/a3noticias.com.mx\/sandbox\/wp-json\/wp\/v2\/posts"}],"about":[{"href":"https:\/\/a3noticias.com.mx\/sandbox\/wp-json\/wp\/v2\/types\/post"}],"author":[{"embeddable":true,"href":"https:\/\/a3noticias.com.mx\/sandbox\/wp-json\/wp\/v2\/users\/2"}],"replies":[{"embeddable":true,"href":"https:\/\/a3noticias.com.mx\/sandbox\/wp-json\/wp\/v2\/comments?post=18194"}],"version-history":[{"count":1,"href":"https:\/\/a3noticias.com.mx\/sandbox\/wp-json\/wp\/v2\/posts\/18194\/revisions"}],"predecessor-version":[{"id":18195,"href":"https:\/\/a3noticias.com.mx\/sandbox\/wp-json\/wp\/v2\/posts\/18194\/revisions\/18195"}],"wp:featuredmedia":[{"embeddable":true,"href":"https:\/\/a3noticias.com.mx\/sandbox\/wp-json\/wp\/v2\/media\/18121"}],"wp:attachment":[{"href":"https:\/\/a3noticias.com.mx\/sandbox\/wp-json\/wp\/v2\/media?parent=18194"}],"wp:term":[{"taxonomy":"category","embeddable":true,"href":"https:\/\/a3noticias.com.mx\/sandbox\/wp-json\/wp\/v2\/categories?post=18194"},{"taxonomy":"post_tag","embeddable":true,"href":"https:\/\/a3noticias.com.mx\/sandbox\/wp-json\/wp\/v2\/tags?post=18194"}],"curies":[{"name":"wp","href":"https:\/\/api.w.org\/{rel}","templated":true}]}}