{"id":18204,"date":"2022-01-13T12:51:48","date_gmt":"2022-01-13T18:51:48","guid":{"rendered":"https:\/\/a3noticias.com.mx\/sandbox\/?p=18204"},"modified":"2022-01-13T12:51:50","modified_gmt":"2022-01-13T18:51:50","slug":"no-habra-vuelta-atras-en-clases-presenciales-en-queretaro","status":"publish","type":"post","link":"https:\/\/a3noticias.com.mx\/sandbox\/2022\/01\/13\/no-habra-vuelta-atras-en-clases-presenciales-en-queretaro\/","title":{"rendered":"No habr\u00e1 vuelta atr\u00e1s en clases presenciales en Quer\u00e9taro"},"content":{"rendered":"\n<p>El Gobierno del estado ha descartado por el momento el regresar a la educaci\u00f3n a distancia pese al alza en contagios de Covid-19 en la entidad, pues asegura que el regreso a clases de manera presencial se ha retomado con todos los protocolos sanitarios.<\/p>\n\n\n\n<p>El Gobernador del estado, Mauricio Kuri Gonz\u00e1lez, se\u00f1al\u00f3 que esa medida \u00fanicamente se retomar\u00eda en caso de que la ocupaci\u00f3n hospitalaria llegue al 50 por ciento de su capacidad.<\/p>\n\n\n\n<p>Apunt\u00f3 que esa decisi\u00f3n ser\u00eda tomada por el Comit\u00e9 T\u00e9cnico de Salud, de acuerdo a c\u00f3mo se comporte el virus en la entidad<\/p>\n\n\n\n<blockquote class=\"wp-block-quote is-layout-flow wp-block-quote-is-layout-flow\"><p>\u201cEsas son decisiones t\u00e9cnicas, no pol\u00edticas, sin embargo yo en lo personal, mi posicionamiento es el siguiente: mientras no tengamos arriba del 50 por ciento de la ocupaci\u00f3n hospitalaria sigamos en el mismo escenario\u201d declar\u00f3.<\/p><\/blockquote>\n\n\n\n<p>A\u00f1adi\u00f3 que el estado tiene como ventaja el que el 90 por ciento de su poblaci\u00f3n mayor de edad est\u00e1 vacunada con su esquema completo.<\/p>\n\n\n\n<p>Resalt\u00f3 que el gobierno invirti\u00f3 60 millones de pesos en compras de pruebas para la detecci\u00f3n de Covid en estos d\u00edas, para abastecer la demanda en el aumento de solicitudes, para lo cual hay en existencia 90 mil pruebas PCR en el estado.<\/p>\n\n\n\n<p>Finalmente indic\u00f3 que tanto la secretar\u00eda de Salud como el IMSS, tienen la disponibilidad de aumentar las camas en caso de requerirse, para atender a pacientes con Covid-19.<\/p>\n","protected":false},"excerpt":{"rendered":"<p>El Gobierno del estado ha descartado por el momento el regresar a la educaci\u00f3n a distancia pese al alza en contagios de Covid-19 en la entidad, pues asegura que el &hellip; <a href=\"https:\/\/a3noticias.com.mx\/sandbox\/2022\/01\/13\/no-habra-vuelta-atras-en-clases-presenciales-en-queretaro\/\" class=\"more-link\">Leer m\u00e1s<\/a><\/p>\n","protected":false},"author":4,"featured_media":18206,"comment_status":"open","ping_status":"open","sticky":false,"template":"","format":"standard","meta":{"_monsterinsights_skip_tracking":false,"_monsterinsights_sitenote_active":false,"_monsterinsights_sitenote_note":"","_monsterinsights_sitenote_category":0,"footnotes":""},"categories":[2],"tags":[],"class_list":["post-18204","post","type-post","status-publish","format-standard","has-post-thumbnail","hentry","category-qro","entry"],"aioseo_notices":[],"_links":{"self":[{"href":"https:\/\/a3noticias.com.mx\/sandbox\/wp-json\/wp\/v2\/posts\/18204","targetHints":{"allow":["GET"]}}],"collection":[{"href":"https:\/\/a3noticias.com.mx\/sandbox\/wp-json\/wp\/v2\/posts"}],"about":[{"href":"https:\/\/a3noticias.com.mx\/sandbox\/wp-json\/wp\/v2\/types\/post"}],"author":[{"embeddable":true,"href":"https:\/\/a3noticias.com.mx\/sandbox\/wp-json\/wp\/v2\/users\/4"}],"replies":[{"embeddable":true,"href":"https:\/\/a3noticias.com.mx\/sandbox\/wp-json\/wp\/v2\/comments?post=18204"}],"version-history":[{"count":1,"href":"https:\/\/a3noticias.com.mx\/sandbox\/wp-json\/wp\/v2\/posts\/18204\/revisions"}],"predecessor-version":[{"id":18207,"href":"https:\/\/a3noticias.com.mx\/sandbox\/wp-json\/wp\/v2\/posts\/18204\/revisions\/18207"}],"wp:featuredmedia":[{"embeddable":true,"href":"https:\/\/a3noticias.com.mx\/sandbox\/wp-json\/wp\/v2\/media\/18206"}],"wp:attachment":[{"href":"https:\/\/a3noticias.com.mx\/sandbox\/wp-json\/wp\/v2\/media?parent=18204"}],"wp:term":[{"taxonomy":"category","embeddable":true,"href":"https:\/\/a3noticias.com.mx\/sandbox\/wp-json\/wp\/v2\/categories?post=18204"},{"taxonomy":"post_tag","embeddable":true,"href":"https:\/\/a3noticias.com.mx\/sandbox\/wp-json\/wp\/v2\/tags?post=18204"}],"curies":[{"name":"wp","href":"https:\/\/api.w.org\/{rel}","templated":true}]}}