{"id":18216,"date":"2022-01-14T09:50:29","date_gmt":"2022-01-14T15:50:29","guid":{"rendered":"https:\/\/a3noticias.com.mx\/sandbox\/?p=18216"},"modified":"2022-01-14T09:51:08","modified_gmt":"2022-01-14T15:51:08","slug":"mario-delgado-se-contagia-de-covid","status":"publish","type":"post","link":"https:\/\/a3noticias.com.mx\/sandbox\/2022\/01\/14\/mario-delgado-se-contagia-de-covid\/","title":{"rendered":"Mario delgado se contagia de Covid"},"content":{"rendered":"\n<p>Tras presentar sintomatolog\u00eda leve de gripa, el dirigente nacional de Morena, Mario Delgado, inform\u00f3 la noche de este lunes que ha dado positivo a Covid-19.<\/p>\n\n\n\n<p>El l\u00edder partidista comunic\u00f3 a trav\u00e9s de sus redes sociales la situaci\u00f3n y su estado de salud, la cual expres\u00f3 se trata de un cuadro leve refiriendo que esto se debe principalmente a&nbsp; que se encuentra vacunado.<\/p>\n\n\n\n<blockquote class=\"wp-block-quote is-layout-flow wp-block-quote-is-layout-flow\"><p>\u201cGracias a que estoy vacunado, como m\u00e1s de 82 millones de mexicanos y mexicanas, solo tengo s\u00edntomas leves de gripa. De regreso al Zoom y al trabajo en casa\u201d, escribi\u00f3 en Twitter.<\/p><\/blockquote>\n\n\n\n<figure class=\"wp-block-embed-twitter wp-block-embed is-type-rich is-provider-twitter\"><div class=\"wp-block-embed__wrapper\">\n<blockquote class=\"twitter-tweet\" data-width=\"550\" data-dnt=\"true\"><p lang=\"es\" dir=\"ltr\">Me permito informar que he salido positivo al COVID-19. Gracias a que estoy vacunado, como m\u00e1s de 82 millones de mexicanos y mexicanas, solo tengo s\u00edntomas leves de gripa. De regreso al zoom y al trabajo en casa. \ud83e\udd17<\/p>&mdash; Mario Delgado (@mario_delgado) <a href=\"https:\/\/twitter.com\/mario_delgado\/status\/1481814943485902848?ref_src=twsrc%5Etfw\">January 14, 2022<\/a><\/blockquote><script async src=\"https:\/\/platform.twitter.com\/widgets.js\" charset=\"utf-8\"><\/script>\n<\/div><\/figure>\n\n\n\n<p>Cabe destacar que esta es la segunda ocasi\u00f3n en que Delgado se contagia de coronavirus, pues fue en Octubre de 2020 cuando se enferm\u00f3 por primera vez.<\/p>\n\n\n\n<p>De esta manera, Mario Delgado se suma a la lista de morenistas que se han contagiado de Covid-19 en las \u00faltimas semanas: Tatiana Clouthier, Mar\u00eda Luisa Albores, titulares de las secretar\u00edas de Econom\u00eda y Semarnat, as\u00ed como al presidente Andr\u00e9s Manuel L\u00f3pez Obrador.<\/p>\n","protected":false},"excerpt":{"rendered":"<p>Tras presentar sintomatolog\u00eda leve de gripa, el dirigente nacional de Morena, Mario Delgado, inform\u00f3 la noche de este lunes que ha dado positivo a Covid-19. El l\u00edder partidista comunic\u00f3 a &hellip; <a href=\"https:\/\/a3noticias.com.mx\/sandbox\/2022\/01\/14\/mario-delgado-se-contagia-de-covid\/\" class=\"more-link\">Leer m\u00e1s<\/a><\/p>\n","protected":false},"author":4,"featured_media":18217,"comment_status":"open","ping_status":"open","sticky":false,"template":"","format":"standard","meta":{"_monsterinsights_skip_tracking":false,"_monsterinsights_sitenote_active":false,"_monsterinsights_sitenote_note":"","_monsterinsights_sitenote_category":0,"footnotes":""},"categories":[3],"tags":[],"class_list":["post-18216","post","type-post","status-publish","format-standard","has-post-thumbnail","hentry","category-nal","entry"],"aioseo_notices":[],"_links":{"self":[{"href":"https:\/\/a3noticias.com.mx\/sandbox\/wp-json\/wp\/v2\/posts\/18216","targetHints":{"allow":["GET"]}}],"collection":[{"href":"https:\/\/a3noticias.com.mx\/sandbox\/wp-json\/wp\/v2\/posts"}],"about":[{"href":"https:\/\/a3noticias.com.mx\/sandbox\/wp-json\/wp\/v2\/types\/post"}],"author":[{"embeddable":true,"href":"https:\/\/a3noticias.com.mx\/sandbox\/wp-json\/wp\/v2\/users\/4"}],"replies":[{"embeddable":true,"href":"https:\/\/a3noticias.com.mx\/sandbox\/wp-json\/wp\/v2\/comments?post=18216"}],"version-history":[{"count":2,"href":"https:\/\/a3noticias.com.mx\/sandbox\/wp-json\/wp\/v2\/posts\/18216\/revisions"}],"predecessor-version":[{"id":18219,"href":"https:\/\/a3noticias.com.mx\/sandbox\/wp-json\/wp\/v2\/posts\/18216\/revisions\/18219"}],"wp:featuredmedia":[{"embeddable":true,"href":"https:\/\/a3noticias.com.mx\/sandbox\/wp-json\/wp\/v2\/media\/18217"}],"wp:attachment":[{"href":"https:\/\/a3noticias.com.mx\/sandbox\/wp-json\/wp\/v2\/media?parent=18216"}],"wp:term":[{"taxonomy":"category","embeddable":true,"href":"https:\/\/a3noticias.com.mx\/sandbox\/wp-json\/wp\/v2\/categories?post=18216"},{"taxonomy":"post_tag","embeddable":true,"href":"https:\/\/a3noticias.com.mx\/sandbox\/wp-json\/wp\/v2\/tags?post=18216"}],"curies":[{"name":"wp","href":"https:\/\/api.w.org\/{rel}","templated":true}]}}